{"id":135025,"date":"2025-05-26T08:03:17","date_gmt":"2025-05-26T11:03:17","guid":{"rendered":"https:\/\/onordeste.com.br\/?p=134978"},"modified":"2025-05-26T08:03:17","modified_gmt":"2025-05-26T11:03:17","slug":"campina-grande-implantara-o-programa-espaco-4-0","status":"publish","type":"post","link":"https:\/\/iparaiba.com.br\/index.php\/2025\/05\/26\/campina-grande-implantara-o-programa-espaco-4-0\/","title":{"rendered":"Campina Grande implantar\u00e1 o Programa Espa\u00e7o 4.0"},"content":{"rendered":"<p style=\"font-weight: 400;\">A prefeitura de Campina Grande atrav\u00e9s da secretaria de Esportes, Juventude e Lazer (Sejel), vai implantar no pr\u00f3ximo m\u00eas de junho o Espa\u00e7o 4.0. As inscri\u00e7\u00f5es ser\u00e3o realizadas atrav\u00e9s do link:\u00a0<a href=\"https:\/\/forms.gle\/NZgwkbGgyJ9AYpV77\" data-saferedirecturl=\"https:\/\/www.google.com\/url?q=https:\/\/forms.gle\/NZgwkbGgyJ9AYpV77&amp;source=gmail&amp;ust=1748343441795000&amp;usg=AOvVaw0rQxSfax1dAJadeCar-9oM\">https:\/\/forms.gle\/NZgwkbGgyJ9AYpV77<\/a>, no per\u00edodo de 26 a 30 de maio, a lista dos selecionados ser\u00e1 divulgada no dia 6 de junho e o in\u00edcio das aulas ser\u00e1 no dia 9 de junho.<\/p>\n<p style=\"font-weight: 400;\">Ser\u00e3o oferecidos 3 cursos, mantenedor e reparador de micro computadores, mantenedor e reparador de dispositivos m\u00f3veis e prototipagem e impress\u00e3o 3D. Haver\u00e1 aulas nos tr\u00eas turnos, com 8 alunos por turma, totalizando 72 vagas. Para participar o interessado precisa do ensino fundamental completo, ter entre 15 e 29 anos e ter renda per capita inferior a 1,5 sal\u00e1rio m\u00ednimo. Alista dos selecionados ser\u00e1 divulgada no dia 6 de junho.<\/p>\n<p style=\"font-weight: 400;\">O programa 4.0 \u00e9 desenvolvido pela Secretaria Nacional de Juventude, do Minist\u00e9rio da Mulher, da Fam\u00edlia e dos Direitos Humanos e traz uma proposta de inclus\u00e3o digital, de capacita\u00e7\u00e3o profissional e de gera\u00e7\u00e3o de renda. Ser\u00e3o investidos 400 mil Reais na implanta\u00e7\u00e3o de um laborat\u00f3rio de tecnologia com notebooks, impressoras 3D, tablets, kits de ferramentas e outros dispositivos. Nesta parceria com o Governo Federal, a PMCG, vai entrar com o espa\u00e7o que est\u00e1 localizado no Parque da Crian\u00e7a e com os professores e t\u00e9cnicos.<\/p>\n<p style=\"font-weight: 400;\">O coordenador do Espa\u00e7o 4.0 Eduardo Lima, informou que est\u00e1 tudo pronto para a implanta\u00e7\u00e3o deste programa que chega para impactar a cidade, pois, trar\u00e1 forma\u00e7\u00e3o e oportunidade para muitos jovens, que a partir da\u00ed ganhar\u00e3o oportunidade no mercado de trabalho.<\/p>\n<p style=\"font-weight: 400;\">O secret\u00e1rio de Esportes da cidade, Ronaldo Neto, disse que o Espa\u00e7o 4.0 \u00e9 uma de muitas a\u00e7\u00f5es que vir\u00e3o para fortalecer o eixo da juventude da Sejel, que em sua gest\u00e3o ter\u00e1 um olhar todo especial, o secret\u00e1rio comentou que esse programa se soma a outro j\u00e1 existente e que \u00e9 muito exitoso, o Pequeninos Teens.<\/p>\n","protected":false},"excerpt":{"rendered":"<p>A prefeitura de Campina Grande atrav\u00e9s da secretaria de Esportes, Juventude e Lazer (Sejel), vai implantar no pr\u00f3ximo m\u00eas de junho o Espa\u00e7o 4.0. As inscri\u00e7\u00f5es ser\u00e3o realizadas atrav\u00e9s do link:\u00a0https:\/\/forms.gle\/NZgwkbGgyJ9AYpV77, no per\u00edodo de 26 a 30 de maio, a lista dos selecionados ser\u00e1 divulgada no dia 6 de junho e o in\u00edcio das aulas &hellip;<\/p>\n","protected":false},"author":1,"featured_media":109440,"comment_status":"open","ping_status":"open","sticky":false,"template":"","format":"standard","meta":{"footnotes":""},"categories":[6],"tags":[],"class_list":["post-135025","post","type-post","status-publish","format-standard","has-post-thumbnail","hentry","category-destaques"],"_links":{"self":[{"href":"https:\/\/iparaiba.com.br\/index.php\/wp-json\/wp\/v2\/posts\/135025","targetHints":{"allow":["GET"]}}],"collection":[{"href":"https:\/\/iparaiba.com.br\/index.php\/wp-json\/wp\/v2\/posts"}],"about":[{"href":"https:\/\/iparaiba.com.br\/index.php\/wp-json\/wp\/v2\/types\/post"}],"author":[{"embeddable":true,"href":"https:\/\/iparaiba.com.br\/index.php\/wp-json\/wp\/v2\/users\/1"}],"replies":[{"embeddable":true,"href":"https:\/\/iparaiba.com.br\/index.php\/wp-json\/wp\/v2\/comments?post=135025"}],"version-history":[{"count":0,"href":"https:\/\/iparaiba.com.br\/index.php\/wp-json\/wp\/v2\/posts\/135025\/revisions"}],"wp:featuredmedia":[{"embeddable":true,"href":"https:\/\/iparaiba.com.br\/index.php\/wp-json\/wp\/v2\/media\/109440"}],"wp:attachment":[{"href":"https:\/\/iparaiba.com.br\/index.php\/wp-json\/wp\/v2\/media?parent=135025"}],"wp:term":[{"taxonomy":"category","embeddable":true,"href":"https:\/\/iparaiba.com.br\/index.php\/wp-json\/wp\/v2\/categories?post=135025"},{"taxonomy":"post_tag","embeddable":true,"href":"https:\/\/iparaiba.com.br\/index.php\/wp-json\/wp\/v2\/tags?post=135025"}],"curies":[{"name":"wp","href":"https:\/\/api.w.org\/{rel}","templated":true}]}}