{"id":135023,"date":"2025-05-26T08:00:43","date_gmt":"2025-05-26T11:00:43","guid":{"rendered":"https:\/\/onordeste.com.br\/?p=134974"},"modified":"2025-05-26T08:00:43","modified_gmt":"2025-05-26T11:00:43","slug":"publicado-edital-para-concurso-publico-de-tecnico-federal-de-controle-externo-do-tcu","status":"publish","type":"post","link":"https:\/\/iparaiba.com.br\/index.php\/2025\/05\/26\/publicado-edital-para-concurso-publico-de-tecnico-federal-de-controle-externo-do-tcu\/","title":{"rendered":"Publicado edital para concurso p\u00fablico de t\u00e9cnico federal de controle externo do TCU"},"content":{"rendered":"<p>O edital do\u00a0<strong>concurso p\u00fablico para t\u00e9cnico federal de controle externo do Tribunal de Contas da Uni\u00e3o (TCU) foi publicado no Di\u00e1rio Oficial da Uni\u00e3o desta sexta-feira (23\/5<\/strong>). O Edital 1 &#8211; TCU\/TEFC \u00e9 para provimento de vagas e forma\u00e7\u00e3o de cadastro de reserva para o cargo. O concurso ser\u00e1 executado pelo Centro Brasileiro de Pesquisa em Avalia\u00e7\u00e3o e Sele\u00e7\u00e3o e de Promo\u00e7\u00e3o de Eventos (Cebraspe) e pelo TCU.<\/p>\n<p>A\u00a0<strong>remunera\u00e7\u00e3o \u00e9 de R$ 15.128,26, com jornada de trabalho de 40 horas<\/strong>\u00a0semanais. A aplica\u00e7\u00e3o das provas objetivas e discursiva ser\u00e1 no dia\u00a0<strong>3 de agosto de 2025<\/strong>. A divulga\u00e7\u00e3o do edital com resultado final das provas objetivas e resultado provis\u00f3rio da prova discursiva est\u00e1 prevista para 29 de agosto deste ano.<\/p>\n<p>A sele\u00e7\u00e3o ser\u00e1 feita em duas etapas. A primeira com<strong>\u00a0provas objetivas e discursiva<\/strong>, ambas de car\u00e1ter eliminat\u00f3rio e classificat\u00f3rio, de responsabilidade do Cebraspe. J\u00e1 a segunda etapa compreende\u00a0<strong>programa de forma\u00e7\u00e3o<\/strong>, de car\u00e1ter eliminat\u00f3rio, de responsabilidade do TCU.<\/p>\n<p>Ao todo, s\u00e3o\u00a0<strong>40 vagas para provimento imediato,<\/strong>\u00a0sendo 28 para ampla concorr\u00eancia, oito para pessoas pretas e pardas e quatro para pessoas com defici\u00eancia. O\u00a0<strong>cadastro de reserva \u00e9 composto por 20 vagas no total,<\/strong>\u00a0sendo 14 para ampla concorr\u00eancia, quatro para pessoas pretas e pardas e duas para pessoas com defici\u00eancia.<\/p>\n<p>As duas fases do concurso ocorrem em Bras\u00edlia (DF). Os procedimentos de<strong>\u00a0avalia\u00e7\u00e3o dos candidatos que solicitarem concorrer \u00e0s vagas reservadas \u00e0s pessoas com defici\u00eancia<\/strong>\u00a0e de\u00a0<strong>heteroidentifica\u00e7\u00e3o complementar \u00e0 autodeclara\u00e7\u00e3o dos candidatos negros<\/strong>\u00a0tamb\u00e9m ser\u00e3o realizados na capital federal.<\/p>\n<p>Nas provas, ser\u00e3o avaliadas\u00a0<strong>habilidades\u00a0<\/strong>(compreens\u00e3o, aplica\u00e7\u00e3o, an\u00e1lise, s\u00edntese e avalia\u00e7\u00e3o, com o intuito de valorizar a capacidade de racioc\u00ednio) e\u00a0<strong>conhecimentos b\u00e1sicos.<\/strong>\u00a0S\u00e3o eles: l\u00edngua portuguesa; no\u00e7\u00f5es de l\u00edngua inglesa; Direito Constitucional; Tecnologia da Informa\u00e7\u00e3o e legisla\u00e7\u00e3o. Na parte de\u00a0<strong>conhecimentos espec\u00edficos<\/strong>, ser\u00e3o cobrados: Direito Administrativo; gest\u00e3o de contratos; execu\u00e7\u00e3o or\u00e7ament\u00e1ria e financeira; no\u00e7\u00f5es de Administra\u00e7\u00e3o; e controle externo.<\/p>\n<p>O cargo de t\u00e9cnico federal de controle tem como requisito a comprova\u00e7\u00e3o de conclus\u00e3o de ensino m\u00e9dio em institui\u00e7\u00e3o reconhecida pelo Minist\u00e9rio da Educa\u00e7\u00e3o (MEC). Os aprovados atuam em\u00a0<strong>atividades administrativas e log\u00edsticas de apoio<\/strong>, de n\u00edvel intermedi\u00e1rio, referentes \u00e0s compet\u00eancias constitucionais e legais a cargo do Tribunal.<\/p>\n<p>Confira\u00a0<a href=\"https:\/\/portal.tcu.gov.br\/imprensa\/noticias\/lumis\/portal\/file\/fileDownload.jsp?fileId=8A81881E95BCAFEC0196FEE55F4C0068\"><strong>neste link<\/strong><\/a>\u00a0a \u00edntegra do Edital 1 &#8211; TCU\/TEFC, de 22 de maio de 2025.<\/p>\n","protected":false},"excerpt":{"rendered":"<p>O edital do\u00a0concurso p\u00fablico para t\u00e9cnico federal de controle externo do Tribunal de Contas da Uni\u00e3o (TCU) foi publicado no Di\u00e1rio Oficial da Uni\u00e3o desta sexta-feira (23\/5). O Edital 1 &#8211; TCU\/TEFC \u00e9 para provimento de vagas e forma\u00e7\u00e3o de cadastro de reserva para o cargo. O concurso ser\u00e1 executado pelo Centro Brasileiro de Pesquisa &hellip;<\/p>\n","protected":false},"author":1,"featured_media":123455,"comment_status":"open","ping_status":"open","sticky":false,"template":"","format":"standard","meta":{"footnotes":""},"categories":[12],"tags":[],"class_list":["post-135023","post","type-post","status-publish","format-standard","has-post-thumbnail","hentry","category-emprego"],"_links":{"self":[{"href":"https:\/\/iparaiba.com.br\/index.php\/wp-json\/wp\/v2\/posts\/135023","targetHints":{"allow":["GET"]}}],"collection":[{"href":"https:\/\/iparaiba.com.br\/index.php\/wp-json\/wp\/v2\/posts"}],"about":[{"href":"https:\/\/iparaiba.com.br\/index.php\/wp-json\/wp\/v2\/types\/post"}],"author":[{"embeddable":true,"href":"https:\/\/iparaiba.com.br\/index.php\/wp-json\/wp\/v2\/users\/1"}],"replies":[{"embeddable":true,"href":"https:\/\/iparaiba.com.br\/index.php\/wp-json\/wp\/v2\/comments?post=135023"}],"version-history":[{"count":0,"href":"https:\/\/iparaiba.com.br\/index.php\/wp-json\/wp\/v2\/posts\/135023\/revisions"}],"wp:featuredmedia":[{"embeddable":true,"href":"https:\/\/iparaiba.com.br\/index.php\/wp-json\/wp\/v2\/media\/123455"}],"wp:attachment":[{"href":"https:\/\/iparaiba.com.br\/index.php\/wp-json\/wp\/v2\/media?parent=135023"}],"wp:term":[{"taxonomy":"category","embeddable":true,"href":"https:\/\/iparaiba.com.br\/index.php\/wp-json\/wp\/v2\/categories?post=135023"},{"taxonomy":"post_tag","embeddable":true,"href":"https:\/\/iparaiba.com.br\/index.php\/wp-json\/wp\/v2\/tags?post=135023"}],"curies":[{"name":"wp","href":"https:\/\/api.w.org\/{rel}","templated":true}]}}