{"id":135019,"date":"2025-05-28T16:00:02","date_gmt":"2025-05-28T19:00:02","guid":{"rendered":"https:\/\/onordeste.com.br\/?p=135019"},"modified":"2025-05-28T16:00:02","modified_gmt":"2025-05-28T19:00:02","slug":"prefeitura-orienta-familias-sobre-a-gratuidade-na-conta-de-energia-eletrica","status":"publish","type":"post","link":"https:\/\/iparaiba.com.br\/index.php\/2025\/05\/28\/prefeitura-orienta-familias-sobre-a-gratuidade-na-conta-de-energia-eletrica\/","title":{"rendered":"Prefeitura orienta fam\u00edlias sobre a gratuidade na conta de energia el\u00e9trica"},"content":{"rendered":"<p>A Prefeitura de Jo\u00e3o Pessoa, por meio da Secretaria de Direitos Humanos e Cidadania (Sedhuc), orienta os benefici\u00e1rios do Cadastro \u00danico (Cad\u00danico) que t\u00eam direito a nova Tarifa Social de Energia El\u00e9trica (TSEE), que passar\u00e1 a beneficiar um n\u00famero maior de fam\u00edlias inscritas no programa do Governo Federal.<\/p>\n<p>A medida, que entrar\u00e1 em vigor em at\u00e9 45 dias, garante a gratuidade total da conta de energia el\u00e9trica para fam\u00edlias com renda mensal de at\u00e9 meio sal\u00e1rio m\u00ednimo por pessoa e consumo mensal de at\u00e9 80 kWh. Nestes casos, a cobran\u00e7a ocorrer\u00e1 apenas se houver consumo acima do limite, incidindo somente sobre o excedente.<\/p>\n<p>Al\u00e9m das fam\u00edlias de baixa renda, a nova TSEE contempla, com isen\u00e7\u00e3o total da tarifa, benefici\u00e1rios do Benef\u00edcio de Presta\u00e7\u00e3o Continuada (BPC), incluindo idosos e pessoas com defici\u00eancia; comunidades ind\u00edgenas e quilombolas cadastradas no Cad\u00danico; e fam\u00edlias residentes em sistemas isolados de fornecimento de energia el\u00e9trica.<\/p>\n<p>A nova regulamenta\u00e7\u00e3o tamb\u00e9m prev\u00ea desconto parcial na conta de luz para fam\u00edlias com renda mensal entre meio e um sal\u00e1rio m\u00ednimo por pessoa, desde que o consumo mensal n\u00e3o ultrapasse 120 kWh.<\/p>\n","protected":false},"excerpt":{"rendered":"<p>A Prefeitura de Jo\u00e3o Pessoa, por meio da Secretaria de Direitos Humanos e Cidadania (Sedhuc), orienta os benefici\u00e1rios do Cadastro \u00danico (Cad\u00danico) que t\u00eam direito a nova Tarifa Social de Energia El\u00e9trica (TSEE), que passar\u00e1 a beneficiar um n\u00famero maior de fam\u00edlias inscritas no programa do Governo Federal. A medida, que entrar\u00e1 em vigor em &hellip;<\/p>\n","protected":false},"author":1,"featured_media":97336,"comment_status":"open","ping_status":"open","sticky":false,"template":"","format":"standard","meta":{"footnotes":""},"categories":[6],"tags":[],"class_list":["post-135019","post","type-post","status-publish","format-standard","has-post-thumbnail","hentry","category-destaques"],"_links":{"self":[{"href":"https:\/\/iparaiba.com.br\/index.php\/wp-json\/wp\/v2\/posts\/135019","targetHints":{"allow":["GET"]}}],"collection":[{"href":"https:\/\/iparaiba.com.br\/index.php\/wp-json\/wp\/v2\/posts"}],"about":[{"href":"https:\/\/iparaiba.com.br\/index.php\/wp-json\/wp\/v2\/types\/post"}],"author":[{"embeddable":true,"href":"https:\/\/iparaiba.com.br\/index.php\/wp-json\/wp\/v2\/users\/1"}],"replies":[{"embeddable":true,"href":"https:\/\/iparaiba.com.br\/index.php\/wp-json\/wp\/v2\/comments?post=135019"}],"version-history":[{"count":1,"href":"https:\/\/iparaiba.com.br\/index.php\/wp-json\/wp\/v2\/posts\/135019\/revisions"}],"predecessor-version":[{"id":135044,"href":"https:\/\/iparaiba.com.br\/index.php\/wp-json\/wp\/v2\/posts\/135019\/revisions\/135044"}],"wp:featuredmedia":[{"embeddable":true,"href":"https:\/\/iparaiba.com.br\/index.php\/wp-json\/wp\/v2\/media\/97336"}],"wp:attachment":[{"href":"https:\/\/iparaiba.com.br\/index.php\/wp-json\/wp\/v2\/media?parent=135019"}],"wp:term":[{"taxonomy":"category","embeddable":true,"href":"https:\/\/iparaiba.com.br\/index.php\/wp-json\/wp\/v2\/categories?post=135019"},{"taxonomy":"post_tag","embeddable":true,"href":"https:\/\/iparaiba.com.br\/index.php\/wp-json\/wp\/v2\/tags?post=135019"}],"curies":[{"name":"wp","href":"https:\/\/api.w.org\/{rel}","templated":true}]}}