{"id":135017,"date":"2025-05-28T14:00:49","date_gmt":"2025-05-28T17:00:49","guid":{"rendered":"https:\/\/onordeste.com.br\/?p=135017"},"modified":"2025-05-28T14:00:49","modified_gmt":"2025-05-28T17:00:49","slug":"alpb-celebra-os-20-anos-de-autonomia-da-uepb","status":"publish","type":"post","link":"https:\/\/iparaiba.com.br\/index.php\/2025\/05\/28\/alpb-celebra-os-20-anos-de-autonomia-da-uepb\/","title":{"rendered":"ALPB celebra os 20 anos de autonomia da UEPB"},"content":{"rendered":"<p>A Comiss\u00e3o de Administra\u00e7\u00e3o, Servi\u00e7o P\u00fablico e Seguran\u00e7a da Assembleia Legislativa da Para\u00edba (ALPB) realizou audi\u00eancia p\u00fablica no plen\u00e1rio \u201cDeputado Jos\u00e9 Mariz\u201d, em comemora\u00e7\u00e3o aos 20 anos da Lei de Autonomia da Universidade Estadual da Para\u00edba (UEPB). O evento, proposto pelo deputado Bosco Carneiro, reuniu gestores, entidades representativas de professores e estudantes, al\u00e9m de servidores da institui\u00e7\u00e3o de ensino superior.<\/p>\n<p>O deputado Jo\u00e3o Gon\u00e7alves lembrou que participou da sess\u00e3o em que a autonomia da UEPB foi aprovada. \u201cDe l\u00e1 para c\u00e1, a UEPB foi crescendo e avan\u00e7ando no seu papel de oferecer educa\u00e7\u00e3o de qualidade aos paraibanos e, tamb\u00e9m estudantes que vem de outros estados\u201d, disse.<\/p>\n","protected":false},"excerpt":{"rendered":"<p>A Comiss\u00e3o de Administra\u00e7\u00e3o, Servi\u00e7o P\u00fablico e Seguran\u00e7a da Assembleia Legislativa da Para\u00edba (ALPB) realizou audi\u00eancia p\u00fablica no plen\u00e1rio \u201cDeputado Jos\u00e9 Mariz\u201d, em comemora\u00e7\u00e3o aos 20 anos da Lei de Autonomia da Universidade Estadual da Para\u00edba (UEPB). O evento, proposto pelo deputado Bosco Carneiro, reuniu gestores, entidades representativas de professores e estudantes, al\u00e9m de servidores &hellip;<\/p>\n","protected":false},"author":1,"featured_media":97711,"comment_status":"open","ping_status":"open","sticky":false,"template":"","format":"standard","meta":{"footnotes":""},"categories":[11],"tags":[],"class_list":["post-135017","post","type-post","status-publish","format-standard","has-post-thumbnail","hentry","category-educacao"],"_links":{"self":[{"href":"https:\/\/iparaiba.com.br\/index.php\/wp-json\/wp\/v2\/posts\/135017","targetHints":{"allow":["GET"]}}],"collection":[{"href":"https:\/\/iparaiba.com.br\/index.php\/wp-json\/wp\/v2\/posts"}],"about":[{"href":"https:\/\/iparaiba.com.br\/index.php\/wp-json\/wp\/v2\/types\/post"}],"author":[{"embeddable":true,"href":"https:\/\/iparaiba.com.br\/index.php\/wp-json\/wp\/v2\/users\/1"}],"replies":[{"embeddable":true,"href":"https:\/\/iparaiba.com.br\/index.php\/wp-json\/wp\/v2\/comments?post=135017"}],"version-history":[{"count":1,"href":"https:\/\/iparaiba.com.br\/index.php\/wp-json\/wp\/v2\/posts\/135017\/revisions"}],"predecessor-version":[{"id":135043,"href":"https:\/\/iparaiba.com.br\/index.php\/wp-json\/wp\/v2\/posts\/135017\/revisions\/135043"}],"wp:featuredmedia":[{"embeddable":true,"href":"https:\/\/iparaiba.com.br\/index.php\/wp-json\/wp\/v2\/media\/97711"}],"wp:attachment":[{"href":"https:\/\/iparaiba.com.br\/index.php\/wp-json\/wp\/v2\/media?parent=135017"}],"wp:term":[{"taxonomy":"category","embeddable":true,"href":"https:\/\/iparaiba.com.br\/index.php\/wp-json\/wp\/v2\/categories?post=135017"},{"taxonomy":"post_tag","embeddable":true,"href":"https:\/\/iparaiba.com.br\/index.php\/wp-json\/wp\/v2\/tags?post=135017"}],"curies":[{"name":"wp","href":"https:\/\/api.w.org\/{rel}","templated":true}]}}