{"id":135015,"date":"2025-05-28T10:00:27","date_gmt":"2025-05-28T13:00:27","guid":{"rendered":"https:\/\/onordeste.com.br\/?p=135015"},"modified":"2025-05-28T10:00:27","modified_gmt":"2025-05-28T13:00:27","slug":"encontro-de-camaras-municipais-tera-palestra-sobre-programa-interlegis","status":"publish","type":"post","link":"https:\/\/iparaiba.com.br\/index.php\/2025\/05\/28\/encontro-de-camaras-municipais-tera-palestra-sobre-programa-interlegis\/","title":{"rendered":"Encontro de C\u00e2maras Municipais ter\u00e1 palestra sobre Programa Interlegis"},"content":{"rendered":"<p style=\"font-weight: 400;\">Com o objetivo de proporcionar melhorias no funcionamento das Casas Legislativas de todas as cidades da Para\u00edba, o II Encontro Paraibano de C\u00e2maras Municipais ter\u00e1 uma palestra sobre o Programa Interlegis. A apresenta\u00e7\u00e3o ser\u00e1 ministrada por Nilo Amaro, coordenador de planejamento e rela\u00e7\u00f5es institucionais do Instituto Legislativo Brasileiro (ILB) do Senado Federal. Promovido pela C\u00e2mara Municipal de Jo\u00e3o Pessoa (CMJP), o evento acontecer\u00e1 de 28 a 30 de maio, no Pavilh\u00e3o de Congressos do Centro de Conven\u00e7\u00f5es.<\/p>\n<p style=\"font-weight: 400;\">O Interlegis faz parte do Instituto Legislativo Brasileiro, \u00f3rg\u00e3o respons\u00e1vel pela capacita\u00e7\u00e3o e moderniza\u00e7\u00e3o do Poder Legislativo. Aos servidores do Senado e de outras Casas Legislativas, o ILB oferece forma\u00e7\u00e3o e desenvolvimento, e o Interlegis integra e moderniza, por meio de tecnologias, ferramentas e servi\u00e7os que facilitam o processo legislativo, promovem a transpar\u00eancia e a intera\u00e7\u00e3o com a sociedade.<\/p>\n<p style=\"font-weight: 400;\">De acordo com Nilo Amaro, o Interlegis tem quase 28 anos de atua\u00e7\u00e3o em diversos munic\u00edpios, por todo o pa\u00eds. \u201cSempre oferecendo ferramentas para melhorar o dia a dia do trabalho legislativo de cada Casa e capacitar servidores, assessores e parlamentares\u201d, enfatizou o coordenador.<\/p>\n<p style=\"font-weight: 400;\">Oficinas para capacita\u00e7\u00e3o e treinamento no uso dessas ferramentas tecnol\u00f3gicas, assim como para aperfei\u00e7oar a forma\u00e7\u00e3o de gestores de todo o Brasil em temas de interesse de estados e munic\u00edpios tamb\u00e9m est\u00e3o no escopo do Interlegis. \u201cEstarei em Jo\u00e3o Pessoa, no II Encontro Paraibano de C\u00e2maras Municipais, e a gente espera conversar com cada uma das C\u00e2maras Municipais no sentido de fechar parcerias, fazer oficinas em todo o estado e, com isso, ajudar no crescimento do Legislativo Municipal\u201d, revelou.<\/p>\n<p style=\"font-weight: 400;\"><strong>Programa\u00e7\u00e3o<\/strong><\/p>\n<p style=\"font-weight: 400;\">Com o tema \u201cIntelig\u00eancia Artificial, Governan\u00e7a e Conex\u00e3o Cidad\u00e3 nas C\u00e2maras 4.0\u201d, o encontro j\u00e1 tem confirmadas as presen\u00e7as dos presidentes da C\u00e2mara dos Deputados, Hugo Motta (Republicanos), e do Senado, Davi Alcolumbre (Uni\u00e3o Brasil); do ministro Weder de Oliveira, do Tribunal de Contas da Uni\u00e3o (TCU); do conselheiro F\u00e1bio Nogueira, presidente do Tribunal de Contas do Estado da Para\u00edba (TEC-PB) do governador da Para\u00edba, Jo\u00e3o Azev\u00eado, e do prefeito de Jo\u00e3o Pessoa, C\u00edcero Lucena.<\/p>\n<p style=\"font-weight: 400;\">Todos participar\u00e3o como palestrantes no evento, que conta ainda com especialistas do Senado Federal falando sobre \u201c<strong>IA, Redes Sociais e Conex\u00e3o Cidad\u00e3\u201d e \u201cIntelig\u00eancia Artificial e Participa\u00e7\u00e3o Popular no Processo Legislativo\u201d. A programa\u00e7\u00e3o completa pode ser conferida\u00a0<\/strong><a href=\"https:\/\/joaopessoa.pb.leg.br\/encontro-de-vereadores\/\" data-saferedirecturl=\"https:\/\/www.google.com\/url?q=https:\/\/joaopessoa.pb.leg.br\/encontro-de-vereadores\/&amp;source=gmail&amp;ust=1748345809083000&amp;usg=AOvVaw11rPVGHqx-Vpgy3Ad_f7_I\">aqui<\/a><strong>.<\/strong><\/p>\n<p style=\"font-weight: 400;\"><strong>O evento<\/strong><\/p>\n<p style=\"font-weight: 400;\">O II Encontro Paraibano de C\u00e2mara Municipais, que visa compartilhar experi\u00eancias e buscar solu\u00e7\u00f5es conjuntas para melhorar o funcionamento das Casas Legislativas, acontecer\u00e1 de 28 a 30 de maio, no Pavilh\u00e3o de Congressos do Centro de Conven\u00e7\u00f5es de Jo\u00e3o Pessoa. As inscri\u00e7\u00f5es podem ser feitas no site da C\u00e2mara Municipal de Jo\u00e3o Pessoa (CMJP), promotora do encontro, atrav\u00e9s do\u00a0<a href=\"https:\/\/joaopessoa.pb.leg.br\/encontro-de-vereadores\/inscricoes\/\" data-saferedirecturl=\"https:\/\/www.google.com\/url?q=https:\/\/joaopessoa.pb.leg.br\/encontro-de-vereadores\/inscricoes\/&amp;source=gmail&amp;ust=1748345809083000&amp;usg=AOvVaw3EHmaUWCcfemoqOGpFdR41\">link<\/a>. At\u00e9 o momento, mais de 660 pessoas, de 134 munic\u00edpios paraibanos j\u00e1 se inscreveram.<\/p>\n<p>CMJP<\/p>\n","protected":false},"excerpt":{"rendered":"<p>Com o objetivo de proporcionar melhorias no funcionamento das Casas Legislativas de todas as cidades da Para\u00edba, o II Encontro Paraibano de C\u00e2maras Municipais ter\u00e1 uma palestra sobre o Programa Interlegis. A apresenta\u00e7\u00e3o ser\u00e1 ministrada por Nilo Amaro, coordenador de planejamento e rela\u00e7\u00f5es institucionais do Instituto Legislativo Brasileiro (ILB) do Senado Federal. Promovido pela C\u00e2mara &hellip;<\/p>\n","protected":false},"author":1,"featured_media":112760,"comment_status":"open","ping_status":"open","sticky":false,"template":"","format":"standard","meta":{"footnotes":""},"categories":[8],"tags":[],"class_list":["post-135015","post","type-post","status-publish","format-standard","has-post-thumbnail","hentry","category-politica"],"_links":{"self":[{"href":"https:\/\/iparaiba.com.br\/index.php\/wp-json\/wp\/v2\/posts\/135015","targetHints":{"allow":["GET"]}}],"collection":[{"href":"https:\/\/iparaiba.com.br\/index.php\/wp-json\/wp\/v2\/posts"}],"about":[{"href":"https:\/\/iparaiba.com.br\/index.php\/wp-json\/wp\/v2\/types\/post"}],"author":[{"embeddable":true,"href":"https:\/\/iparaiba.com.br\/index.php\/wp-json\/wp\/v2\/users\/1"}],"replies":[{"embeddable":true,"href":"https:\/\/iparaiba.com.br\/index.php\/wp-json\/wp\/v2\/comments?post=135015"}],"version-history":[{"count":1,"href":"https:\/\/iparaiba.com.br\/index.php\/wp-json\/wp\/v2\/posts\/135015\/revisions"}],"predecessor-version":[{"id":135042,"href":"https:\/\/iparaiba.com.br\/index.php\/wp-json\/wp\/v2\/posts\/135015\/revisions\/135042"}],"wp:featuredmedia":[{"embeddable":true,"href":"https:\/\/iparaiba.com.br\/index.php\/wp-json\/wp\/v2\/media\/112760"}],"wp:attachment":[{"href":"https:\/\/iparaiba.com.br\/index.php\/wp-json\/wp\/v2\/media?parent=135015"}],"wp:term":[{"taxonomy":"category","embeddable":true,"href":"https:\/\/iparaiba.com.br\/index.php\/wp-json\/wp\/v2\/categories?post=135015"},{"taxonomy":"post_tag","embeddable":true,"href":"https:\/\/iparaiba.com.br\/index.php\/wp-json\/wp\/v2\/tags?post=135015"}],"curies":[{"name":"wp","href":"https:\/\/api.w.org\/{rel}","templated":true}]}}