{"id":135008,"date":"2025-05-27T18:29:05","date_gmt":"2025-05-27T21:29:05","guid":{"rendered":"https:\/\/onordeste.com.br\/?p=135008"},"modified":"2025-05-27T18:29:05","modified_gmt":"2025-05-27T21:29:05","slug":"vereadores-discutem-regulamentacao-de-corridas-de-rua","status":"publish","type":"post","link":"https:\/\/iparaiba.com.br\/index.php\/2025\/05\/27\/vereadores-discutem-regulamentacao-de-corridas-de-rua\/","title":{"rendered":"Vereadores discutem regulamenta\u00e7\u00e3o de corridas de rua"},"content":{"rendered":"<p>A C\u00e2mara Municipal de Campina Grande realizou a 40\u00aa Sess\u00e3o Ordin\u00e1ria do ano. A sess\u00e3o foi presidida pelo vereador Pastor Luciano Breno (Avante) e secretariada pelo vereador Saulo Noronha (MDB), contando com a presen\u00e7a de 17 parlamentares.<\/p>\n<p>Durante a sess\u00e3o, foram debatidos temas de relev\u00e2ncia para a cidade, como a seguran\u00e7a em eventos esportivos e a liberdade de atua\u00e7\u00e3o da imprensa.<\/p>\n<p>O vereador Rafaf\u00e1 (Uni\u00e3o Brasil) manifestou solidariedade \u00e0 classe jornal\u00edstica ap\u00f3s o rep\u00f3rter Arthur Lira enfrentar dificuldades para exercer sua fun\u00e7\u00e3o no Hospital das Cl\u00ednicas de Campina Grande. \u201cSubo aqui para ser solid\u00e1rio a toda a imprensa que ontem n\u00e3o pode exercer seu trabalho quando chegou ao Hospital das Cl\u00ednicas para fazer uma reportagem sobre o absurdo que ocorreu em rela\u00e7\u00e3o ao mutir\u00e3o de cirurgias de catarata\u201d, declarou. Rafaf\u00e1 expressou preocupa\u00e7\u00e3o com os transtornos causados aos pacientes devido a casos de infec\u00e7\u00e3o e cobrou apura\u00e7\u00e3o das autoridades.<\/p>\n","protected":false},"excerpt":{"rendered":"<p>A C\u00e2mara Municipal de Campina Grande realizou a 40\u00aa Sess\u00e3o Ordin\u00e1ria do ano. A sess\u00e3o foi presidida pelo vereador Pastor Luciano Breno (Avante) e secretariada pelo vereador Saulo Noronha (MDB), contando com a presen\u00e7a de 17 parlamentares. Durante a sess\u00e3o, foram debatidos temas de relev\u00e2ncia para a cidade, como a seguran\u00e7a em eventos esportivos e &hellip;<\/p>\n","protected":false},"author":1,"featured_media":116741,"comment_status":"open","ping_status":"open","sticky":false,"template":"","format":"standard","meta":{"footnotes":""},"categories":[15],"tags":[],"class_list":["post-135008","post","type-post","status-publish","format-standard","has-post-thumbnail","hentry","category-links"],"_links":{"self":[{"href":"https:\/\/iparaiba.com.br\/index.php\/wp-json\/wp\/v2\/posts\/135008","targetHints":{"allow":["GET"]}}],"collection":[{"href":"https:\/\/iparaiba.com.br\/index.php\/wp-json\/wp\/v2\/posts"}],"about":[{"href":"https:\/\/iparaiba.com.br\/index.php\/wp-json\/wp\/v2\/types\/post"}],"author":[{"embeddable":true,"href":"https:\/\/iparaiba.com.br\/index.php\/wp-json\/wp\/v2\/users\/1"}],"replies":[{"embeddable":true,"href":"https:\/\/iparaiba.com.br\/index.php\/wp-json\/wp\/v2\/comments?post=135008"}],"version-history":[{"count":1,"href":"https:\/\/iparaiba.com.br\/index.php\/wp-json\/wp\/v2\/posts\/135008\/revisions"}],"predecessor-version":[{"id":135039,"href":"https:\/\/iparaiba.com.br\/index.php\/wp-json\/wp\/v2\/posts\/135008\/revisions\/135039"}],"wp:featuredmedia":[{"embeddable":true,"href":"https:\/\/iparaiba.com.br\/index.php\/wp-json\/wp\/v2\/media\/116741"}],"wp:attachment":[{"href":"https:\/\/iparaiba.com.br\/index.php\/wp-json\/wp\/v2\/media?parent=135008"}],"wp:term":[{"taxonomy":"category","embeddable":true,"href":"https:\/\/iparaiba.com.br\/index.php\/wp-json\/wp\/v2\/categories?post=135008"},{"taxonomy":"post_tag","embeddable":true,"href":"https:\/\/iparaiba.com.br\/index.php\/wp-json\/wp\/v2\/tags?post=135008"}],"curies":[{"name":"wp","href":"https:\/\/api.w.org\/{rel}","templated":true}]}}