{"id":135006,"date":"2025-05-27T16:00:57","date_gmt":"2025-05-27T19:00:57","guid":{"rendered":"https:\/\/onordeste.com.br\/?p=135006"},"modified":"2025-05-27T16:00:57","modified_gmt":"2025-05-27T19:00:57","slug":"camara-recebe-secretaria-de-desenvolvimento-economico","status":"publish","type":"post","link":"https:\/\/iparaiba.com.br\/index.php\/2025\/05\/27\/camara-recebe-secretaria-de-desenvolvimento-economico\/","title":{"rendered":"C\u00e2mara recebe Secret\u00e1ria de Desenvolvimento Econ\u00f4mico"},"content":{"rendered":"<p>A C\u00e2mara Municipal de Campina Grande realizou a 41\u00aa Sess\u00e3o Ordin\u00e1ria. A sess\u00e3o foi presidida pelo vereador Pastor Luciano Breno (Avante), contando com a presen\u00e7a de 17 vereadores. Durante a sess\u00e3o, foram aprovados tr\u00eas requisitos: 2093\/2025; 2100\/2025 e 2104\/2025.<\/p>\n<p>O vereador Frank (Podemos) utilizou uma tribuna para solicitar ao governo do estado que rever a taxa de \u00e1gua cobrada aos consumidores e destacou que, recentemente, teve um aumento aproximado de 8%. \u201cChega a quase 100 reais e voc\u00ea paga mesmo sem consumir\u201d O parlamentar destacou que essa taxa deveria ser revista e que a popula\u00e7\u00e3o deveria pagar pelo consumo efetivo. \u201cEssa taxa voc\u00ea deveria pagar pelo consumo\u201d<\/p>\n<p>O vereador Severino da Presta\u00e7\u00e3o (MDB) solicita aten\u00e7\u00e3o especial da Secretaria de Obras (SECOB) para a rua Severino Pereira Rodrigues, no bairro Jardim Borborema. O parlamentar destacou que as obras realizadas por uma construtora, no per\u00edodo da constru\u00e7\u00e3o das casas e sem observar os danos causados ao entupir um canal no local, gerando alagamentos nas casas rec\u00e9m-constru\u00eddas. O vereador pediu a instala\u00e7\u00e3o de manilhas e remo\u00e7\u00e3o na via. Ele tamb\u00e9m sugeriu a coloca\u00e7\u00e3o de bancos de alvenaria na Avenida Juscelino Kubitschek, para atender especialmente idosos e praticantes de caminhada: \u201cN\u00f3s estamos usando o nosso mandato para resolver os problemas solicitados pela popula\u00e7\u00e3o\u201d.<\/p>\n<p>O vereador Sargento Wellington Cobra (PSB) devido \u00e0 pr\u00e1tica de algumas pessoas que usaram bonecas Beb\u00eas Reborn para buscar atendimentos em unidades de sa\u00fade. Ele apresentou um projeto de lei para impedir o atendimento a esses casos na rede municipal. \u201cA nossa preocupa\u00e7\u00e3o em nosso projeto \u00e9 al\u00e9m de negar o atendimento, para n\u00e3o atrapalhar o servi\u00e7o p\u00fablico, mas sem escandalizar\u201d Destacando que uma pessoa deve ser acolhida. O vereador se mostrou preocupado com um poss\u00edvel caso de doen\u00e7a psicol\u00f3gica em pessoas que envelhecem dessa forma e solicitam um encaminhamento para tratamento psicol\u00f3gico. \u201cQuem procura uma unidade de sa\u00fade querendo um atendimento hospitalar para um boneco de pl\u00e1stico, essa pessoa pode estar com problemas mentais (&#8230;) Nosso cuidado \u00e9 com a sa\u00fade mental das pessoas\u201d destacando que as pessoas que envelhecem de m\u00e1 f\u00e9 devem ser responsabilizadas.<\/p>\n","protected":false},"excerpt":{"rendered":"<p>A C\u00e2mara Municipal de Campina Grande realizou a 41\u00aa Sess\u00e3o Ordin\u00e1ria. A sess\u00e3o foi presidida pelo vereador Pastor Luciano Breno (Avante), contando com a presen\u00e7a de 17 vereadores. Durante a sess\u00e3o, foram aprovados tr\u00eas requisitos: 2093\/2025; 2100\/2025 e 2104\/2025. O vereador Frank (Podemos) utilizou uma tribuna para solicitar ao governo do estado que rever a &hellip;<\/p>\n","protected":false},"author":1,"featured_media":114347,"comment_status":"open","ping_status":"open","sticky":false,"template":"","format":"standard","meta":{"footnotes":""},"categories":[8],"tags":[],"class_list":["post-135006","post","type-post","status-publish","format-standard","has-post-thumbnail","hentry","category-politica"],"_links":{"self":[{"href":"https:\/\/iparaiba.com.br\/index.php\/wp-json\/wp\/v2\/posts\/135006","targetHints":{"allow":["GET"]}}],"collection":[{"href":"https:\/\/iparaiba.com.br\/index.php\/wp-json\/wp\/v2\/posts"}],"about":[{"href":"https:\/\/iparaiba.com.br\/index.php\/wp-json\/wp\/v2\/types\/post"}],"author":[{"embeddable":true,"href":"https:\/\/iparaiba.com.br\/index.php\/wp-json\/wp\/v2\/users\/1"}],"replies":[{"embeddable":true,"href":"https:\/\/iparaiba.com.br\/index.php\/wp-json\/wp\/v2\/comments?post=135006"}],"version-history":[{"count":1,"href":"https:\/\/iparaiba.com.br\/index.php\/wp-json\/wp\/v2\/posts\/135006\/revisions"}],"predecessor-version":[{"id":135038,"href":"https:\/\/iparaiba.com.br\/index.php\/wp-json\/wp\/v2\/posts\/135006\/revisions\/135038"}],"wp:featuredmedia":[{"embeddable":true,"href":"https:\/\/iparaiba.com.br\/index.php\/wp-json\/wp\/v2\/media\/114347"}],"wp:attachment":[{"href":"https:\/\/iparaiba.com.br\/index.php\/wp-json\/wp\/v2\/media?parent=135006"}],"wp:term":[{"taxonomy":"category","embeddable":true,"href":"https:\/\/iparaiba.com.br\/index.php\/wp-json\/wp\/v2\/categories?post=135006"},{"taxonomy":"post_tag","embeddable":true,"href":"https:\/\/iparaiba.com.br\/index.php\/wp-json\/wp\/v2\/tags?post=135006"}],"curies":[{"name":"wp","href":"https:\/\/api.w.org\/{rel}","templated":true}]}}