{"id":135002,"date":"2025-05-27T12:00:23","date_gmt":"2025-05-27T15:00:23","guid":{"rendered":"https:\/\/onordeste.com.br\/?p=135002"},"modified":"2025-05-27T12:00:23","modified_gmt":"2025-05-27T15:00:23","slug":"sessao-especial-debate-a-luta-invisivel-das-maes-atipicas","status":"publish","type":"post","link":"https:\/\/iparaiba.com.br\/index.php\/2025\/05\/27\/sessao-especial-debate-a-luta-invisivel-das-maes-atipicas\/","title":{"rendered":"Sess\u00e3o especial debate a luta invis\u00edvel das m\u00e3es at\u00edpicas"},"content":{"rendered":"<p>A C\u00e2mara Municipal de Jo\u00e3o Pessoa (CMJP) realizou sess\u00e3o especial para debater a luta invis\u00edvel das m\u00e3es at\u00edpicas. A solenidade reuniu diversas m\u00e3es at\u00edpicas e foi proposta pelo vereador Lu\u00eds da Padaria (Agir).<\/p>\n<p>O parlamentar falou sobre as motiva\u00e7\u00f5es para a realiza\u00e7\u00e3o da sess\u00e3o. \u201cJ\u00e1 na campanha, fal\u00e1vamos muito com pais e m\u00e3es de crian\u00e7as at\u00edpicas. Vemos que se fala muito, mas, de forma concreta, existem poucas a\u00e7\u00f5es. Ent\u00e3o, resolvemos fazer essa sess\u00e3o para podermos discutir e sair daqui com algo concreto, buscando trazer melhorias para a vida dessas m\u00e3es, que j\u00e1 s\u00e3o t\u00e3o sofridas. Essa \u00e9 a nossa luta\u201d, afirmou.<\/p>\n<p>Geysiane Oliveira, m\u00e3e de Heitor, de seis anos, falou das principais dificuldades enfrentadas. \u201cQuando voc\u00ea se descobre m\u00e3e at\u00edpica, voc\u00ea perde o ch\u00e3o. Depois do choque, voc\u00ea vai em busca de informa\u00e7\u00f5es e n\u00e3o encontra. Ainda existe uma lacuna muito grande nesse aspecto, sobretudo de informa\u00e7\u00e3o e orienta\u00e7\u00e3o pra gente saber o que vai fazer e quem procurar. Por isso a import\u00e2ncia de sess\u00f5es como essa, para que possamos ser ouvidas e que as nossas demandas possam ser atendidas pelo poder p\u00fablico\u201d, acrescentou.<\/p>\n<p>Rejane Lira, coordenadora de educa\u00e7\u00e3o especial de Jo\u00e3o Pessoa, representando a secretaria municipal de Educa\u00e7\u00e3o, apresentou n\u00fameros e mostrou os avan\u00e7os da \u00e1rea. \u201cIniciamos o ano letivo de 2025 com 6.610 estudantes p\u00fablico-alvo da educa\u00e7\u00e3o especial, nas 210 unidades de educa\u00e7\u00e3o municipal. Desse n\u00famero, 3.727 s\u00e3o estudantes com autismo, que n\u00f3s temos na rede. Sabemos que, hoje, a educa\u00e7\u00e3o sozinha n\u00e3o d\u00e1 conta e precisamos fazer um elo com a sa\u00fade. N\u00f3s estamos juntos\u201d, destacou.<\/p>\n<p>Helena Cavalcante, presidente da Cifa Brasil e m\u00e3e at\u00edpica, falou da formata\u00e7\u00e3o da sess\u00e3o especial sobre m\u00e3es at\u00edpicas. \u201cJ\u00e1 participei de outras sess\u00f5es e o mais importante, quando acontecem esses momentos, \u00e9 permitir que as m\u00e3es tenham voz, porque n\u00f3s ouvimos os gestores a todo tempo, eles possuem as casas legislativas dispon\u00edveis, e quando momentos como esses acontecem as fam\u00edlias precisam estar aqui com o microfone ativo\u201d, disse.<\/p>\n","protected":false},"excerpt":{"rendered":"<p>A C\u00e2mara Municipal de Jo\u00e3o Pessoa (CMJP) realizou sess\u00e3o especial para debater a luta invis\u00edvel das m\u00e3es at\u00edpicas. A solenidade reuniu diversas m\u00e3es at\u00edpicas e foi proposta pelo vereador Lu\u00eds da Padaria (Agir). O parlamentar falou sobre as motiva\u00e7\u00f5es para a realiza\u00e7\u00e3o da sess\u00e3o. \u201cJ\u00e1 na campanha, fal\u00e1vamos muito com pais e m\u00e3es de crian\u00e7as &hellip;<\/p>\n","protected":false},"author":1,"featured_media":115224,"comment_status":"open","ping_status":"open","sticky":false,"template":"","format":"standard","meta":{"footnotes":""},"categories":[8],"tags":[],"class_list":["post-135002","post","type-post","status-publish","format-standard","has-post-thumbnail","hentry","category-politica"],"_links":{"self":[{"href":"https:\/\/iparaiba.com.br\/index.php\/wp-json\/wp\/v2\/posts\/135002","targetHints":{"allow":["GET"]}}],"collection":[{"href":"https:\/\/iparaiba.com.br\/index.php\/wp-json\/wp\/v2\/posts"}],"about":[{"href":"https:\/\/iparaiba.com.br\/index.php\/wp-json\/wp\/v2\/types\/post"}],"author":[{"embeddable":true,"href":"https:\/\/iparaiba.com.br\/index.php\/wp-json\/wp\/v2\/users\/1"}],"replies":[{"embeddable":true,"href":"https:\/\/iparaiba.com.br\/index.php\/wp-json\/wp\/v2\/comments?post=135002"}],"version-history":[{"count":1,"href":"https:\/\/iparaiba.com.br\/index.php\/wp-json\/wp\/v2\/posts\/135002\/revisions"}],"predecessor-version":[{"id":135036,"href":"https:\/\/iparaiba.com.br\/index.php\/wp-json\/wp\/v2\/posts\/135002\/revisions\/135036"}],"wp:featuredmedia":[{"embeddable":true,"href":"https:\/\/iparaiba.com.br\/index.php\/wp-json\/wp\/v2\/media\/115224"}],"wp:attachment":[{"href":"https:\/\/iparaiba.com.br\/index.php\/wp-json\/wp\/v2\/media?parent=135002"}],"wp:term":[{"taxonomy":"category","embeddable":true,"href":"https:\/\/iparaiba.com.br\/index.php\/wp-json\/wp\/v2\/categories?post=135002"},{"taxonomy":"post_tag","embeddable":true,"href":"https:\/\/iparaiba.com.br\/index.php\/wp-json\/wp\/v2\/tags?post=135002"}],"curies":[{"name":"wp","href":"https:\/\/api.w.org\/{rel}","templated":true}]}}