{"id":134998,"date":"2025-05-27T08:00:01","date_gmt":"2025-05-27T11:00:01","guid":{"rendered":"https:\/\/onordeste.com.br\/?p=134998"},"modified":"2025-05-27T08:00:01","modified_gmt":"2025-05-27T11:00:01","slug":"tribunais-recebem-treinamento-para-avaliar-acoes-de-combate-as-mudancas-climaticas","status":"publish","type":"post","link":"https:\/\/iparaiba.com.br\/index.php\/2025\/05\/27\/tribunais-recebem-treinamento-para-avaliar-acoes-de-combate-as-mudancas-climaticas\/","title":{"rendered":"Tribunais recebem treinamento para avaliar a\u00e7\u00f5es de combate \u00e0s mudan\u00e7as clim\u00e1ticas"},"content":{"rendered":"<p>O Tribunal de Contas da Uni\u00e3o (TCU) deu in\u00edcio ao\u00a0treinamento t\u00e9cnico para uso da ferramenta\u00a0<a href=\"https:\/\/sites.tcu.gov.br\/painelclimabrasil\/\">Painel ClimaBrasil<\/a>. O evento \u00e9 realizado no Instituto Serzedello Corr\u00eaa, em Bras\u00edlia (DF), e re\u00fane representantes dos 33 tribunais de contas estaduais e municipais, al\u00e9m de servidores e especialistas.<\/p>\n<p>O Painel ClimaBrasil \u00e9 a ferramenta desenvolvida pelo TCU para que os tribunais de contas avaliem e monitorem as a\u00e7\u00f5es de\u00a0governos estaduais e municipais para enfrentar as mudan\u00e7as clim\u00e1ticas.\u00a0Ao longo dos pr\u00f3ximos meses, os auditores far\u00e3o diagn\u00f3sticos sobre as situa\u00e7\u00f5es locais. Os dados v\u00e3o ajudar na constru\u00e7\u00e3o de um panorama nacional das a\u00e7\u00f5es, que ser\u00e1 apresentado na Confer\u00eancia das Na\u00e7\u00f5es Unidas Sobre as Mudan\u00e7as Clim\u00e1ticas (COP30), em novembro, na cidade de Bel\u00e9m (PA).<\/p>\n<p>O treinamento vai\u00a0capacitar mais de 60 auditores de todo o pa\u00eds para aplica\u00e7\u00e3o da ferramenta.\u00a0\u00c9 uma oportunidade para nivelar conceitos e engajar os atores envolvidos. O principal objetivo \u00e9 garantir o n\u00edvel de qualidade esperado na avalia\u00e7\u00e3o e enfrentamento da emerg\u00eancia clim\u00e1tica.<\/p>\n","protected":false},"excerpt":{"rendered":"<p>O Tribunal de Contas da Uni\u00e3o (TCU) deu in\u00edcio ao\u00a0treinamento t\u00e9cnico para uso da ferramenta\u00a0Painel ClimaBrasil. O evento \u00e9 realizado no Instituto Serzedello Corr\u00eaa, em Bras\u00edlia (DF), e re\u00fane representantes dos 33 tribunais de contas estaduais e municipais, al\u00e9m de servidores e especialistas. O Painel ClimaBrasil \u00e9 a ferramenta desenvolvida pelo TCU para que os &hellip;<\/p>\n","protected":false},"author":1,"featured_media":134037,"comment_status":"open","ping_status":"open","sticky":false,"template":"","format":"standard","meta":{"footnotes":""},"categories":[18],"tags":[],"class_list":["post-134998","post","type-post","status-publish","format-standard","has-post-thumbnail","hentry","category-brasil"],"_links":{"self":[{"href":"https:\/\/iparaiba.com.br\/index.php\/wp-json\/wp\/v2\/posts\/134998","targetHints":{"allow":["GET"]}}],"collection":[{"href":"https:\/\/iparaiba.com.br\/index.php\/wp-json\/wp\/v2\/posts"}],"about":[{"href":"https:\/\/iparaiba.com.br\/index.php\/wp-json\/wp\/v2\/types\/post"}],"author":[{"embeddable":true,"href":"https:\/\/iparaiba.com.br\/index.php\/wp-json\/wp\/v2\/users\/1"}],"replies":[{"embeddable":true,"href":"https:\/\/iparaiba.com.br\/index.php\/wp-json\/wp\/v2\/comments?post=134998"}],"version-history":[{"count":1,"href":"https:\/\/iparaiba.com.br\/index.php\/wp-json\/wp\/v2\/posts\/134998\/revisions"}],"predecessor-version":[{"id":135034,"href":"https:\/\/iparaiba.com.br\/index.php\/wp-json\/wp\/v2\/posts\/134998\/revisions\/135034"}],"wp:featuredmedia":[{"embeddable":true,"href":"https:\/\/iparaiba.com.br\/index.php\/wp-json\/wp\/v2\/media\/134037"}],"wp:attachment":[{"href":"https:\/\/iparaiba.com.br\/index.php\/wp-json\/wp\/v2\/media?parent=134998"}],"wp:term":[{"taxonomy":"category","embeddable":true,"href":"https:\/\/iparaiba.com.br\/index.php\/wp-json\/wp\/v2\/categories?post=134998"},{"taxonomy":"post_tag","embeddable":true,"href":"https:\/\/iparaiba.com.br\/index.php\/wp-json\/wp\/v2\/tags?post=134998"}],"curies":[{"name":"wp","href":"https:\/\/api.w.org\/{rel}","templated":true}]}}