{"id":134995,"date":"2025-05-26T18:12:57","date_gmt":"2025-05-26T21:12:57","guid":{"rendered":"https:\/\/onordeste.com.br\/?p=134994"},"modified":"2025-05-26T18:12:57","modified_gmt":"2025-05-26T21:12:57","slug":"alpb-debate-acoes-em-defesa-de-pessoas-com-lupus-fibromialgia-e-doencas-raras","status":"publish","type":"post","link":"https:\/\/iparaiba.com.br\/index.php\/2025\/05\/26\/alpb-debate-acoes-em-defesa-de-pessoas-com-lupus-fibromialgia-e-doencas-raras\/","title":{"rendered":"ALPB debate a\u00e7\u00f5es em defesa de pessoas com l\u00fapus, fibromialgia e doen\u00e7as raras"},"content":{"rendered":"<p>A Assembleia Legislativa da Para\u00edba (ALPB), por meio da Comiss\u00e3o de Direitos Humanos, realizou audi\u00eancia p\u00fablica para debater pol\u00edticas p\u00fablicas mais eficientes e inclusivas para o diagn\u00f3stico, tratamento, acompanhamento e garantia de direitos das pessoas acometidas por L\u00fapus, Fibromialgia e Doen\u00e7as Raras. O evento, proposto pela deputada Cida Ramos, reuniu especialistas no assunto, entidades civis e pessoas portadoras de necessidades especiais.<\/p>\n<p>&#8220;Essas pessoas clamam para que as a\u00e7\u00f5es, os servi\u00e7os e os programas tragam resultados. A Assembleia tem feito o seu papel de promover projetos e debates como o de hoje, e este evento \u00e9 para ecoar esse grito e garantir que possamos tirar encaminhamentos que efetivem leis j\u00e1 existentes, inclusive de nossa autoria&#8221;, destacou a deputada Cida Ramos.<\/p>\n<p>\u201cA audi\u00eancia p\u00fablica foi um passo importante para promover a voz das pessoas afetadas por essas condi\u00e7\u00f5es e buscar solu\u00e7\u00f5es concretas que melhorem suas vidas e garantam seus direitos\u201d, a crescenteou a deputada.<\/p>\n","protected":false},"excerpt":{"rendered":"<p>A Assembleia Legislativa da Para\u00edba (ALPB), por meio da Comiss\u00e3o de Direitos Humanos, realizou audi\u00eancia p\u00fablica para debater pol\u00edticas p\u00fablicas mais eficientes e inclusivas para o diagn\u00f3stico, tratamento, acompanhamento e garantia de direitos das pessoas acometidas por L\u00fapus, Fibromialgia e Doen\u00e7as Raras. O evento, proposto pela deputada Cida Ramos, reuniu especialistas no assunto, entidades civis &hellip;<\/p>\n","protected":false},"author":1,"featured_media":97595,"comment_status":"open","ping_status":"open","sticky":false,"template":"","format":"standard","meta":{"footnotes":""},"categories":[2],"tags":[],"class_list":["post-134995","post","type-post","status-publish","format-standard","has-post-thumbnail","hentry","category-saude"],"_links":{"self":[{"href":"https:\/\/iparaiba.com.br\/index.php\/wp-json\/wp\/v2\/posts\/134995","targetHints":{"allow":["GET"]}}],"collection":[{"href":"https:\/\/iparaiba.com.br\/index.php\/wp-json\/wp\/v2\/posts"}],"about":[{"href":"https:\/\/iparaiba.com.br\/index.php\/wp-json\/wp\/v2\/types\/post"}],"author":[{"embeddable":true,"href":"https:\/\/iparaiba.com.br\/index.php\/wp-json\/wp\/v2\/users\/1"}],"replies":[{"embeddable":true,"href":"https:\/\/iparaiba.com.br\/index.php\/wp-json\/wp\/v2\/comments?post=134995"}],"version-history":[{"count":1,"href":"https:\/\/iparaiba.com.br\/index.php\/wp-json\/wp\/v2\/posts\/134995\/revisions"}],"predecessor-version":[{"id":135032,"href":"https:\/\/iparaiba.com.br\/index.php\/wp-json\/wp\/v2\/posts\/134995\/revisions\/135032"}],"wp:featuredmedia":[{"embeddable":true,"href":"https:\/\/iparaiba.com.br\/index.php\/wp-json\/wp\/v2\/media\/97595"}],"wp:attachment":[{"href":"https:\/\/iparaiba.com.br\/index.php\/wp-json\/wp\/v2\/media?parent=134995"}],"wp:term":[{"taxonomy":"category","embeddable":true,"href":"https:\/\/iparaiba.com.br\/index.php\/wp-json\/wp\/v2\/categories?post=134995"},{"taxonomy":"post_tag","embeddable":true,"href":"https:\/\/iparaiba.com.br\/index.php\/wp-json\/wp\/v2\/tags?post=134995"}],"curies":[{"name":"wp","href":"https:\/\/api.w.org\/{rel}","templated":true}]}}