{"id":134994,"date":"2025-05-26T16:10:13","date_gmt":"2025-05-26T19:10:13","guid":{"rendered":"https:\/\/onordeste.com.br\/?p=134992"},"modified":"2025-05-26T16:10:13","modified_gmt":"2025-05-26T19:10:13","slug":"seduc-empossa-novos-membros-do-conselho-municipal-de-educacao","status":"publish","type":"post","link":"https:\/\/iparaiba.com.br\/index.php\/2025\/05\/26\/seduc-empossa-novos-membros-do-conselho-municipal-de-educacao\/","title":{"rendered":"Seduc empossa novos membros do Conselho Municipal de Educa\u00e7\u00e3o"},"content":{"rendered":"<p style=\"font-weight: 400;\">A Prefeitura de Campina Grande, por meio da Secretaria de Educa\u00e7\u00e3o (Seduc), deu posse aos novos membros do Conselho Municipal de Educa\u00e7\u00e3o (CME). A solenidade aconteceu no anexo da Secretaria de Educa\u00e7\u00e3o. A posse foi formalizada com a entrega das portarias. A nova gest\u00e3o do Conselho \u00e9 formada por 11 membros titulares e seus suplentes.<\/p>\n<p style=\"font-weight: 400;\">A forma\u00e7\u00e3o, vigente pelos pr\u00f3ximos dois anos, \u00e9 composta por representantes da UFCG, da UEPB, de pais de alunos da rede p\u00fablica municipal, do Sintab, da Uni\u00e3o Campinense das Equipes Sociais, da C\u00e2mara Municipal, do Conselho Municipal de Pessoas com Defici\u00eancia, de movimentos sociais e de servidores da Seduc.<\/p>\n<p style=\"font-weight: 400;\">O secret\u00e1rio de Educa\u00e7\u00e3o, Raymundo Asfora Neto, explicou a import\u00e2ncia da atua\u00e7\u00e3o do CME. \u201cO Conselho tem um papel de ser term\u00f4metro da sociedade e de seus segmentos para poder fazer com que os filhos da popula\u00e7\u00e3o tenham um futuro digno e alcancem os seus sonhos. A participa\u00e7\u00e3o social \u00e9 indispens\u00e1vel. Membros de um conselho quando fazem valer a portaria que recebem constroem a diferen\u00e7a para a coletividade e pelo futuro da cidade, atrav\u00e9s das crian\u00e7as que fazem parte dela\u201d, disse.<\/p>\n<p style=\"font-weight: 400;\">Al\u00e9m do Conselho Municipal de Educa\u00e7\u00e3o tamb\u00e9m est\u00e3o vinculados \u00e0 Seduc o Conselho de Alimenta\u00e7\u00e3o Escolar (CAE), o Conselho Municipal de Acompanhamento e Controle Social do Fundo de Manuten\u00e7\u00e3o e Desenvolvimento da Educa\u00e7\u00e3o B\u00e1sica e da Valoriza\u00e7\u00e3o dos Profissionais da Educa\u00e7\u00e3o (CACS-FUNDEB) e o Conselho Municipal Antidrogas (COMAD).<\/p>\n<p style=\"font-weight: 400;\">Ap\u00f3s a posse, foi aberta a primeira reuni\u00e3o do Conselho e realizada a elei\u00e7\u00e3o com vota\u00e7\u00e3o un\u00e2nime da nova presidente e vice-presidente, Ana L\u00facia Teixeira e \u00c1dria Viana, respectivamente. \u201cA nova miss\u00e3o junto ao Conselho Municipal de Educa\u00e7\u00e3o \u00e9 dar prioridade \u00e0 educa\u00e7\u00e3o de qualidade para todos os estudantes da rede municipal\u201d, pontuou.<\/p>\n","protected":false},"excerpt":{"rendered":"<p>A Prefeitura de Campina Grande, por meio da Secretaria de Educa\u00e7\u00e3o (Seduc), deu posse aos novos membros do Conselho Municipal de Educa\u00e7\u00e3o (CME). A solenidade aconteceu no anexo da Secretaria de Educa\u00e7\u00e3o. A posse foi formalizada com a entrega das portarias. A nova gest\u00e3o do Conselho \u00e9 formada por 11 membros titulares e seus suplentes. &hellip;<\/p>\n","protected":false},"author":1,"featured_media":108920,"comment_status":"open","ping_status":"open","sticky":false,"template":"","format":"standard","meta":{"footnotes":""},"categories":[11],"tags":[],"class_list":["post-134994","post","type-post","status-publish","format-standard","has-post-thumbnail","hentry","category-educacao"],"_links":{"self":[{"href":"https:\/\/iparaiba.com.br\/index.php\/wp-json\/wp\/v2\/posts\/134994","targetHints":{"allow":["GET"]}}],"collection":[{"href":"https:\/\/iparaiba.com.br\/index.php\/wp-json\/wp\/v2\/posts"}],"about":[{"href":"https:\/\/iparaiba.com.br\/index.php\/wp-json\/wp\/v2\/types\/post"}],"author":[{"embeddable":true,"href":"https:\/\/iparaiba.com.br\/index.php\/wp-json\/wp\/v2\/users\/1"}],"replies":[{"embeddable":true,"href":"https:\/\/iparaiba.com.br\/index.php\/wp-json\/wp\/v2\/comments?post=134994"}],"version-history":[{"count":1,"href":"https:\/\/iparaiba.com.br\/index.php\/wp-json\/wp\/v2\/posts\/134994\/revisions"}],"predecessor-version":[{"id":135031,"href":"https:\/\/iparaiba.com.br\/index.php\/wp-json\/wp\/v2\/posts\/134994\/revisions\/135031"}],"wp:featuredmedia":[{"embeddable":true,"href":"https:\/\/iparaiba.com.br\/index.php\/wp-json\/wp\/v2\/media\/108920"}],"wp:attachment":[{"href":"https:\/\/iparaiba.com.br\/index.php\/wp-json\/wp\/v2\/media?parent=134994"}],"wp:term":[{"taxonomy":"category","embeddable":true,"href":"https:\/\/iparaiba.com.br\/index.php\/wp-json\/wp\/v2\/categories?post=134994"},{"taxonomy":"post_tag","embeddable":true,"href":"https:\/\/iparaiba.com.br\/index.php\/wp-json\/wp\/v2\/tags?post=134994"}],"curies":[{"name":"wp","href":"https:\/\/api.w.org\/{rel}","templated":true}]}}