{"id":134993,"date":"2025-05-26T14:08:44","date_gmt":"2025-05-26T17:08:44","guid":{"rendered":"https:\/\/onordeste.com.br\/?p=134990"},"modified":"2025-05-26T14:08:44","modified_gmt":"2025-05-26T17:08:44","slug":"encontro-de-camaras-tem-inscricoes-de-70-dos-municipios","status":"publish","type":"post","link":"https:\/\/iparaiba.com.br\/index.php\/2025\/05\/26\/encontro-de-camaras-tem-inscricoes-de-70-dos-municipios\/","title":{"rendered":"Encontro de C\u00e2maras tem inscri\u00e7\u00f5es de 70% dos munic\u00edpios"},"content":{"rendered":"<p align=\"justify\">Mais de\u00a0900 pessoas,\u00a0de\u00a0156\u00a0munic\u00edpios paraibanos, j\u00e1 se inscreveram para participar do II Encontro Paraibano de C\u00e2maras Municipais. O evento, que tem o objetivo de compartilhar experi\u00eancias e buscar solu\u00e7\u00f5es conjuntas para melhorar o funcionamento das Casas Legislativas, acontece de 28 a 30 de maio, no Pavilh\u00e3o de Congressos do Centro de Conven\u00e7\u00f5es de Jo\u00e3o Pessoa.\u00a0<b>As inscri\u00e7\u00f5es podem ser feitas no site da C\u00e2mara Municipal de Jo\u00e3o Pessoa (CMJP), promotora do encontro, atrav\u00e9s do<\/b>\u00a0<u><a href=\"https:\/\/joaopessoa.pb.leg.br\/encontro-de-vereadores\/inscricoes\/\" target=\"_blank\" rel=\"noopener\">link<\/a><\/u>\u00a0<b>.<\/b><\/p>\n<p align=\"justify\">&#8220;A expectativa \u00e9 de que presidentes de c\u00e2maras da Para\u00edba, al\u00e9m de vereadores e assessores, participem do evento. A presen\u00e7a de cada um dos parlamentares e assessores \u00e9 essencial para a constru\u00e7\u00e3o de um Legislativo forte, eficiente e afinado com os anseios da popula\u00e7\u00e3o&#8221;, destacou Dinho Dowsley (PSD), presidente da CMJP.<\/p>\n<p align=\"justify\">Para Dinho, o encontro servir\u00e1 como um momento para responder questionamentos comuns sobre como legislar com efici\u00eancia, interagir melhor com o cidad\u00e3o, al\u00e9m de fiscalizar o Executivo e manter a gest\u00e3o da C\u00e2mara Municipal em patamares de excel\u00eancia.<\/p>\n<p align=\"justify\"><b>Programa\u00e7\u00e3o<\/b><\/p>\n<p align=\"justify\">Com o tema \u201cIntelig\u00eancia Artificial, Governan\u00e7a e Conex\u00e3o Cidad\u00e3 nas C\u00e2maras 4.0\u201d, o encontro j\u00e1 tem confirmados as presen\u00e7as dos presidentes da C\u00e2mara dos Deputados, Hugo Motta (Republicanos), e do Senado, Davi Alcolumbre (Uni\u00e3o Brasil); do ministro Weder de Oliveira, do Tribunal de Contas da Uni\u00e3o (TCU); do conselheiro F\u00e1bio Nogueira, do presidente do Tribunal de Contas do Estado da Para\u00edba (TEC-PB), do governador da Para\u00edba, Jo\u00e3o Azev\u00eado, e do prefeito de Jo\u00e3o Pessoa, C\u00edcero Lucena.<\/p>\n<p align=\"justify\">Todos participam como palestrantes no evento, que conta ainda com especialistas do Senado Federal falando sobre \u201c\u00a0<b>IA, Redes Sociais e Conex\u00e3o Cidad\u00e3\u201d, \u201cIntelig\u00eancia Artificial e Participa\u00e7\u00e3o Popular no Processo Legislativo\u201d e sobre o Programa Interlegis, do Instituto Legislativo Brasileiro (ILB). O presidente do Superior Tribunal de Justi\u00e7a (STJ), Herman Benjamin, tamb\u00e9m vai palestrar, de forma virtual, sobre \u201cJusti\u00e7a Cidad\u00e3\u201d. A programa\u00e7\u00e3o completa pode ser conferida<\/b>\u00a0<u><a href=\"https:\/\/joaopessoa.pb.leg.br\/encontro-de-vereadores\/\" target=\"_blank\" rel=\"noopener\">aqui<\/a><\/u>\u00a0<b>.<\/b><\/p>\n","protected":false},"excerpt":{"rendered":"<p>Mais de\u00a0900 pessoas,\u00a0de\u00a0156\u00a0munic\u00edpios paraibanos, j\u00e1 se inscreveram para participar do II Encontro Paraibano de C\u00e2maras Municipais. O evento, que tem o objetivo de compartilhar experi\u00eancias e buscar solu\u00e7\u00f5es conjuntas para melhorar o funcionamento das Casas Legislativas, acontece de 28 a 30 de maio, no Pavilh\u00e3o de Congressos do Centro de Conven\u00e7\u00f5es de Jo\u00e3o Pessoa.\u00a0As inscri\u00e7\u00f5es &hellip;<\/p>\n","protected":false},"author":1,"featured_media":109639,"comment_status":"open","ping_status":"open","sticky":false,"template":"","format":"standard","meta":{"footnotes":""},"categories":[3],"tags":[],"class_list":["post-134993","post","type-post","status-publish","format-standard","has-post-thumbnail","hentry","category-nordeste"],"_links":{"self":[{"href":"https:\/\/iparaiba.com.br\/index.php\/wp-json\/wp\/v2\/posts\/134993","targetHints":{"allow":["GET"]}}],"collection":[{"href":"https:\/\/iparaiba.com.br\/index.php\/wp-json\/wp\/v2\/posts"}],"about":[{"href":"https:\/\/iparaiba.com.br\/index.php\/wp-json\/wp\/v2\/types\/post"}],"author":[{"embeddable":true,"href":"https:\/\/iparaiba.com.br\/index.php\/wp-json\/wp\/v2\/users\/1"}],"replies":[{"embeddable":true,"href":"https:\/\/iparaiba.com.br\/index.php\/wp-json\/wp\/v2\/comments?post=134993"}],"version-history":[{"count":1,"href":"https:\/\/iparaiba.com.br\/index.php\/wp-json\/wp\/v2\/posts\/134993\/revisions"}],"predecessor-version":[{"id":135030,"href":"https:\/\/iparaiba.com.br\/index.php\/wp-json\/wp\/v2\/posts\/134993\/revisions\/135030"}],"wp:featuredmedia":[{"embeddable":true,"href":"https:\/\/iparaiba.com.br\/index.php\/wp-json\/wp\/v2\/media\/109639"}],"wp:attachment":[{"href":"https:\/\/iparaiba.com.br\/index.php\/wp-json\/wp\/v2\/media?parent=134993"}],"wp:term":[{"taxonomy":"category","embeddable":true,"href":"https:\/\/iparaiba.com.br\/index.php\/wp-json\/wp\/v2\/categories?post=134993"},{"taxonomy":"post_tag","embeddable":true,"href":"https:\/\/iparaiba.com.br\/index.php\/wp-json\/wp\/v2\/tags?post=134993"}],"curies":[{"name":"wp","href":"https:\/\/api.w.org\/{rel}","templated":true}]}}