{"id":134973,"date":"2025-05-05T11:42:23","date_gmt":"2025-05-05T14:42:23","guid":{"rendered":"https:\/\/onordeste.com.br\/?p=134940"},"modified":"2025-05-05T11:42:23","modified_gmt":"2025-05-05T14:42:23","slug":"conselho-dos-direitos-da-pessoa-com-deficiencia-concorrera-em-eleicao","status":"publish","type":"post","link":"https:\/\/iparaiba.com.br\/index.php\/2025\/05\/05\/conselho-dos-direitos-da-pessoa-com-deficiencia-concorrera-em-eleicao\/","title":{"rendered":"Conselho dos Direitos da Pessoa com Defici\u00eancia concorrer\u00e1 em elei\u00e7\u00e3o"},"content":{"rendered":"<p style=\"font-weight: 400;\">O Conselho Municipal dos Direitos da Pessoa com Defici\u00eancia de Campina Grande foi destaque na \u00faltima semana ao ser o \u00fanico da Para\u00edba habilitado para concorrer \u00e0 composi\u00e7\u00e3o do Conselho Nacional dos Direitos da Pessoa com Defici\u00eancia (Conade) no mandato de 2025-2028. A assembleia das elei\u00e7\u00f5es acontecer\u00e1 em 20 de maio e, agora, o Conselho de Campina passa a votar, pois tamb\u00e9m foi habilitado como eleitor.<\/p>\n<p style=\"font-weight: 400;\">As habilita\u00e7\u00f5es foram divulgadas em 22 de abril, contendo o nome do Conselho de Campina Grande na rela\u00e7\u00e3o com outros 32 conselhos municipais de outros estados, a exemplo de S\u00e3o Paulo, no Sudeste, Paran\u00e1, no Sul e Bahia, tamb\u00e9m no Nordeste. O processo eleitoral para compor o Conade foi lan\u00e7ado por edital para inscri\u00e7\u00f5es de organiza\u00e7\u00f5es da sociedade civil e conselhos municipais, distrital e estaduais.<\/p>\n<p style=\"font-weight: 400;\">Todo o processo eleitoral pode ser acompanhado pela p\u00e1gina oficial do Governo Federal, atrav\u00e9s do link:\u00a0<a href=\"http:\/\/gov.br\/participamaisbrasil\/processo-eleitoral-conade-2025\" data-saferedirecturl=\"https:\/\/www.google.com\/url?q=http:\/\/gov.br\/participamaisbrasil\/processo-eleitoral-conade-2025&amp;source=gmail&amp;ust=1746542275763000&amp;usg=AOvVaw1ykazlvm0Mz6L9ccNS7FpR\">gov.br\/participamaisbrasil\/processo-eleitoral-conade-2025<\/a>. Para a Prefeitura de Campina Grande, que integra as discuss\u00f5es enquanto gest\u00e3o p\u00fablica, junto ao Conselho, este \u00e9 um avan\u00e7o muito significativo. Conforme o secret\u00e1rio da Secretaria Municipal de Assist\u00eancia Social (Semas), Fabio Thoma, essa conquista mostra que o \u00f3rg\u00e3o tem cumprido seu papel com efetividade.<\/p>\n<p style=\"font-weight: 400;\">\u201cEnquanto Prefeitura, dialogamos com o Conselho para ampliar as discuss\u00f5es em benef\u00edcio das Pessoas com Defici\u00eancia, de forma a levar as principais demandas que possu\u00edmos em n\u00edvel municipal, discutindo melhorias, aus\u00eancias e escutando, principalmente, o p\u00fablico alvo. Ent\u00e3o comemoramos, junto ao Conselho, essa conquista, e torcemos ainda pela escolha do \u00f3rg\u00e3o para compor o Conade, a fim de fortalecer ainda mais nossas pautas\u201d, disse o secret\u00e1rio.<\/p>\n<p style=\"font-weight: 400;\">De acordo com Edna Silva, presidente do Conselho Municipal, \u00e9 com muita alegria que o p\u00fablico da Pessoa com Defici\u00eancia comemora esse avan\u00e7o. \u201cIsso \u00e9 um marco para Campina Grande, porque temos mais de 300 conselhos em todo o estado e somente o de Campina est\u00e1 apto para\u00a0 um edital de elei\u00e7\u00e3o como esse. Ent\u00e3o a gente mostra que est\u00e1 seguindo o trabalho corretamente, de acordo com a legisla\u00e7\u00e3o e se conseguirmos esse assento no Conade tamb\u00e9m vai ser hist\u00f3rico\u201d, disse a presidente.<\/p>\n","protected":false},"excerpt":{"rendered":"<p>O Conselho Municipal dos Direitos da Pessoa com Defici\u00eancia de Campina Grande foi destaque na \u00faltima semana ao ser o \u00fanico da Para\u00edba habilitado para concorrer \u00e0 composi\u00e7\u00e3o do Conselho Nacional dos Direitos da Pessoa com Defici\u00eancia (Conade) no mandato de 2025-2028. A assembleia das elei\u00e7\u00f5es acontecer\u00e1 em 20 de maio e, agora, o Conselho &hellip;<\/p>\n","protected":false},"author":1,"featured_media":116658,"comment_status":"open","ping_status":"open","sticky":false,"template":"","format":"standard","meta":{"footnotes":""},"categories":[15],"tags":[],"class_list":["post-134973","post","type-post","status-publish","format-standard","has-post-thumbnail","hentry","category-links"],"_links":{"self":[{"href":"https:\/\/iparaiba.com.br\/index.php\/wp-json\/wp\/v2\/posts\/134973","targetHints":{"allow":["GET"]}}],"collection":[{"href":"https:\/\/iparaiba.com.br\/index.php\/wp-json\/wp\/v2\/posts"}],"about":[{"href":"https:\/\/iparaiba.com.br\/index.php\/wp-json\/wp\/v2\/types\/post"}],"author":[{"embeddable":true,"href":"https:\/\/iparaiba.com.br\/index.php\/wp-json\/wp\/v2\/users\/1"}],"replies":[{"embeddable":true,"href":"https:\/\/iparaiba.com.br\/index.php\/wp-json\/wp\/v2\/comments?post=134973"}],"version-history":[{"count":0,"href":"https:\/\/iparaiba.com.br\/index.php\/wp-json\/wp\/v2\/posts\/134973\/revisions"}],"wp:featuredmedia":[{"embeddable":true,"href":"https:\/\/iparaiba.com.br\/index.php\/wp-json\/wp\/v2\/media\/116658"}],"wp:attachment":[{"href":"https:\/\/iparaiba.com.br\/index.php\/wp-json\/wp\/v2\/media?parent=134973"}],"wp:term":[{"taxonomy":"category","embeddable":true,"href":"https:\/\/iparaiba.com.br\/index.php\/wp-json\/wp\/v2\/categories?post=134973"},{"taxonomy":"post_tag","embeddable":true,"href":"https:\/\/iparaiba.com.br\/index.php\/wp-json\/wp\/v2\/tags?post=134973"}],"curies":[{"name":"wp","href":"https:\/\/api.w.org\/{rel}","templated":true}]}}