{"id":134970,"date":"2025-05-06T18:08:35","date_gmt":"2025-05-06T21:08:35","guid":{"rendered":"https:\/\/onordeste.com.br\/?p=134970"},"modified":"2025-05-06T18:08:35","modified_gmt":"2025-05-06T21:08:35","slug":"mais-medicos-abre-31-mil-novas-vagas","status":"publish","type":"post","link":"https:\/\/iparaiba.com.br\/index.php\/2025\/05\/06\/mais-medicos-abre-31-mil-novas-vagas\/","title":{"rendered":"Mais M\u00e9dicos abre 3,1 mil novas vagas"},"content":{"rendered":"<p style=\"font-weight: 600;\">O Governo Federal lan\u00e7ou um\u00a0<b><strong><a href=\"http:\/\/www.in.gov.br\/web\/dou\/-\/edital-conjunto-saps\/sgtes\/ms-n-7\/2025-626985263\">novo edital do Mais M\u00e9dicos\u00a0<\/a><\/strong><\/b>para ampliar o acesso \u00e0 aten\u00e7\u00e3o prim\u00e1ria no\u00a0<b><strong><a href=\"https:\/\/www.gov.br\/saude\/pt-br\/sus\">Sistema \u00danico de Sa\u00fade (SUS)<\/a>.\u00a0<a href=\"https:\/\/maismedicos.saude.gov.br\/loginExt.php\">S\u00e3o 3.174 vagas dispon\u00edveis para inscri\u00e7\u00e3o a partir desta segunda-feira, 5 de maio, nas 27 Unidades Federativas\u00a0<\/a><\/strong><\/b>. Desse total, 3.066 vagas ser\u00e3o distribu\u00eddas em 1.620 munic\u00edpios e 108 s\u00e3o destinadas a 26 Distritos Sanit\u00e1rios Especiais Ind\u00edgenas (DSEIs). A inten\u00e7\u00e3o \u00e9 fortalecer a assist\u00eancia nas regi\u00f5es remotas e de maior vulnerabilidade social.\u00a0<b><strong><a href=\"https:\/\/maismedicos.saude.gov.br\/loginExt.php\">Os m\u00e9dicos interessados podem se inscrever at\u00e9 o dia 8 de maio\u00a0<\/a><\/strong><\/b>.<\/p>\n<h4 style=\"font-weight: 400;\"><b><strong>Existe uma importante conex\u00e3o entre o Mais M\u00e9dicos e o esfor\u00e7o cont\u00ednuo em acelerar o atendimento especializado no SUS, uma das principais preocupa\u00e7\u00f5es da nossa gest\u00e3o. A atua\u00e7\u00e3o integrada desses profissionais vai facilitar o acesso \u00e0 m\u00e9dia e alta complexidade para todos os cidad\u00e3os\u201d<\/strong><\/b><\/h4>\n<p><b><strong><em>Alexandre Padilha, ministro da Sa\u00fade<\/em><\/strong><\/b><\/p>\n<p style=\"font-weight: 600;\"><b><strong>DISTRIBUI\u00c7\u00c3O\u00a0<\/strong><\/b>&#8211; A oferta das vagas considera o cen\u00e1rio atual de distribui\u00e7\u00e3o de profissionais no pa\u00eds, segundo a Demografia M\u00e9dica 2025. Lan\u00e7ada na \u00faltima quarta-feira (30\/04), o estudo aponta a propor\u00e7\u00e3o de m\u00e9dicos por habitante nas diferentes regi\u00f5es. A prioridade do Mais M\u00e9dicos \u00e9 atender as de maior vulnerabilidade social e com menor n\u00famero de profissionais. As vagas contemplam, em sua maioria, regi\u00f5es vulner\u00e1veis de munic\u00edpios de pequeno porte (75,1%), m\u00e9dio porte (11,1%) e grande porte (13,8%).<\/p>\n<p style=\"font-weight: 600;\"><b><strong>SA\u00daDE DA FAM\u00cdLIA\u00a0<\/strong><\/b>&#8211; Os profissionais do programa integram as equipes de Sa\u00fade da Fam\u00edlia, que oferecem atendimento e acompanhamento mais pr\u00f3ximos da popula\u00e7\u00e3o. Quando necess\u00e1rio, encaminham os pacientes a consultas com especialistas. As informa\u00e7\u00f5es s\u00e3o registradas no Prontu\u00e1rio Eletr\u00f4nico (e-SUS APS), o que permite a integra\u00e7\u00e3o dos dados do paciente entre a aten\u00e7\u00e3o prim\u00e1ria e a especializada, incluindo consultas e exames.<\/p>\n<p style=\"font-weight: 600;\"><b><strong>CONEX\u00c3O\u00a0<\/strong><\/b>&#8211; &#8220;Existe uma importante conex\u00e3o entre o Mais M\u00e9dicos, o fortalecimento da\u00a0<b><strong><a href=\"https:\/\/www.gov.br\/saude\/pt-br\/composicao\/saps\">Aten\u00e7\u00e3o Prim\u00e1ria \u00e0 Sa\u00fade\u00a0<\/a><\/strong><\/b>, e o esfor\u00e7o cont\u00ednuo em acelerar o atendimento especializado no SUS, uma das principais preocupa\u00e7\u00f5es da nossa gest\u00e3o. A atua\u00e7\u00e3o integrada desses profissionais vai facilitar o acesso \u00e0 m\u00e9dia e alta complexidade para todos os cidad\u00e3os\u201d, afirma o ministro da Sa\u00fade, Alexandre Padilha.<\/p>\n<p style=\"font-weight: 600;\"><b><strong>MELHOR CUIDADO\u00a0<\/strong><\/b>&#8211; \u201cMais uma vez, o Mais M\u00e9dicos cumpre o papel de levar profissionais \u00e0s \u00e1reas mais remotas e de maior vulnerabilidade, ao mesmo tempo em que possibilita ofertas de forma\u00e7\u00e3o para os m\u00e9dicos, que v\u00e3o desde a especializa\u00e7\u00e3o em Medicina de Fam\u00edlia e Comunidade at\u00e9 o mestrado e doutorado em Sa\u00fade da Fam\u00edlia. Isso significa melhor cuidado para a popula\u00e7\u00e3o e profissionais qualificados para a aten\u00e7\u00e3o prim\u00e1ria\u201d, disse o secret\u00e1rio de Gest\u00e3o do Trabalho e da Educa\u00e7\u00e3o na Sa\u00fade, Felipe Proen\u00e7o.<\/p>\n<p style=\"font-weight: 600;\"><b><strong>TR\u00caS PERFIS\u00a0<\/strong><\/b>&#8211; As oportunidades est\u00e3o distribu\u00eddas entre tr\u00eas perfis: m\u00e9dicos formados no Brasil com registro no CRM, m\u00e9dicos brasileiros formados no exterior e m\u00e9dicos estrangeiros habilitados. Para esses dois \u00faltimos perfis, \u00e9 obrigat\u00f3ria a aprova\u00e7\u00e3o no M\u00f3dulo de Acolhimento e Avalia\u00e7\u00e3o (MAAv), um treinamento espec\u00edfico para atua\u00e7\u00e3o em situa\u00e7\u00f5es de urg\u00eancia, emerg\u00eancia e enfrentamento de doen\u00e7as prevalentes nas regi\u00f5es de trabalho.<\/p>\n<p style=\"font-weight: 600;\"><b><strong>O QUE \u00c9\u00a0<\/strong><\/b>&#8211; O Mais M\u00e9dicos garante assist\u00eancia a mais de 63 milh\u00f5es de brasileiros em todo o pa\u00eds. Com a meta de alcan\u00e7ar 28 mil profissionais, o programa atualmente conta com cerca de 24,9 mil m\u00e9dicos atuando em 4,2 mil munic\u00edpios \u2014 o que representa 77% do territ\u00f3rio nacional. Dentre essas localidades, 1,7 mil apresentam altos \u00edndices de vulnerabilidade social. Em dezembro de 2024, o programa alcan\u00e7ou um marco hist\u00f3rico ao registrar o maior n\u00famero de m\u00e9dicos em atividade nos Distritos Sanit\u00e1rios Especiais Ind\u00edgenas (DSEIs), com 601 profissionais atuando nessas regi\u00f5es.<\/p>\n<p style=\"font-weight: 600;\"><b><strong>CADASTRO RESERVA\u00a0<\/strong><\/b>&#8211; Em mar\u00e7o, o Minist\u00e9rio da Sa\u00fade lan\u00e7ou um novo chamamento p\u00fablico para ades\u00e3o e renova\u00e7\u00e3o de vagas, com uma importante novidade: a possibilidade de cadastro reserva. Ao todo, 2.450 munic\u00edpios e oito Distritos Sanit\u00e1rios Especiais Ind\u00edgenas (DSEIs) que j\u00e1 haviam preenchido vagas por meio de editais anteriores puderam ingressar no cadastro reserva. Esse mecanismo oferece flexibilidade e agilidade na reposi\u00e7\u00e3o de profissionais, permitindo que munic\u00edpios e DSEIs atendam rapidamente \u00e0 demanda por m\u00e9dicos assim que a necessidade for identificada.<\/p>\n<p><a style=\"font-weight: 500;\" href=\"https:\/\/www.gov.br\/secom\/pt-br\/assuntos\/noticias\/2025\/04\/mais-medicos-abre-3-1-mil-vagas-com-inscricoes-a-partir-desta-segunda-5-5\">Link: https:\/\/www.gov.br\/secom\/pt-br\/assuntos\/noticias\/2025\/04\/mais-medicos-abre-3-1-mil-vagas-com-inscricoes-a-partir-desta-segunda-5-5<\/a><\/p>\n","protected":false},"excerpt":{"rendered":"<p>O Governo Federal lan\u00e7ou um\u00a0novo edital do Mais M\u00e9dicos\u00a0para ampliar o acesso \u00e0 aten\u00e7\u00e3o prim\u00e1ria no\u00a0Sistema \u00danico de Sa\u00fade (SUS).\u00a0S\u00e3o 3.174 vagas dispon\u00edveis para inscri\u00e7\u00e3o a partir desta segunda-feira, 5 de maio, nas 27 Unidades Federativas\u00a0. Desse total, 3.066 vagas ser\u00e3o distribu\u00eddas em 1.620 munic\u00edpios e 108 s\u00e3o destinadas a 26 Distritos Sanit\u00e1rios Especiais Ind\u00edgenas &hellip;<\/p>\n","protected":false},"author":1,"featured_media":100822,"comment_status":"open","ping_status":"open","sticky":false,"template":"","format":"standard","meta":{"footnotes":""},"categories":[2],"tags":[],"class_list":["post-134970","post","type-post","status-publish","format-standard","has-post-thumbnail","hentry","category-saude"],"_links":{"self":[{"href":"https:\/\/iparaiba.com.br\/index.php\/wp-json\/wp\/v2\/posts\/134970","targetHints":{"allow":["GET"]}}],"collection":[{"href":"https:\/\/iparaiba.com.br\/index.php\/wp-json\/wp\/v2\/posts"}],"about":[{"href":"https:\/\/iparaiba.com.br\/index.php\/wp-json\/wp\/v2\/types\/post"}],"author":[{"embeddable":true,"href":"https:\/\/iparaiba.com.br\/index.php\/wp-json\/wp\/v2\/users\/1"}],"replies":[{"embeddable":true,"href":"https:\/\/iparaiba.com.br\/index.php\/wp-json\/wp\/v2\/comments?post=134970"}],"version-history":[{"count":1,"href":"https:\/\/iparaiba.com.br\/index.php\/wp-json\/wp\/v2\/posts\/134970\/revisions"}],"predecessor-version":[{"id":134988,"href":"https:\/\/iparaiba.com.br\/index.php\/wp-json\/wp\/v2\/posts\/134970\/revisions\/134988"}],"wp:featuredmedia":[{"embeddable":true,"href":"https:\/\/iparaiba.com.br\/index.php\/wp-json\/wp\/v2\/media\/100822"}],"wp:attachment":[{"href":"https:\/\/iparaiba.com.br\/index.php\/wp-json\/wp\/v2\/media?parent=134970"}],"wp:term":[{"taxonomy":"category","embeddable":true,"href":"https:\/\/iparaiba.com.br\/index.php\/wp-json\/wp\/v2\/categories?post=134970"},{"taxonomy":"post_tag","embeddable":true,"href":"https:\/\/iparaiba.com.br\/index.php\/wp-json\/wp\/v2\/tags?post=134970"}],"curies":[{"name":"wp","href":"https:\/\/api.w.org\/{rel}","templated":true}]}}