{"id":134965,"date":"2025-05-06T14:00:08","date_gmt":"2025-05-06T17:00:08","guid":{"rendered":"https:\/\/onordeste.com.br\/?p=134960"},"modified":"2025-05-06T14:00:08","modified_gmt":"2025-05-06T17:00:08","slug":"ampliados-direitos-para-pessoas-com-autismo","status":"publish","type":"post","link":"https:\/\/iparaiba.com.br\/index.php\/2025\/05\/06\/ampliados-direitos-para-pessoas-com-autismo\/","title":{"rendered":"Ampliados direitos para pessoas com autismo"},"content":{"rendered":"<p>Em mais um passo concreto rumo \u00e0 inclus\u00e3o e ao respeito \u00e0 diversidade, a Assembleia Legislativa da Para\u00edba declarou seu compromisso em garantir mais qualidade de vida e dignidade \u00e0s pessoas com o Transtorno do Espectro Autista (TEA) e seus familiares. Foram publicadas no Di\u00e1rio Oficial duas novas leis sancionadas pelo governador Jo\u00e3o Azev\u00eado, que refor\u00e7am direitos fundamentais e ampliam o amparo \u00e0s pessoas com TEA em espa\u00e7os p\u00fablicos e privados.<\/p>\n<p>A Lei n\u00ba 13.636\/2025, de autoria do deputado Jo\u00e3o Bosco Carneiro J\u00fanior, assegura \u00e0s pessoas com autismo o direito ao assento preferencial no transporte p\u00fablico estadual, incluindo os \u00f4nibus que comp\u00f5em a rede. A proposta \u00e9 regular as especificidades sensoriais comuns entre os autistas, como a hipersensibilidade auditiva, e busca oferecer maior conforto e bem-estar durante o deslocamento dessas pessoas.<\/p>\n<p>Al\u00e9m da reserva de assentos, a nova legisla\u00e7\u00e3o determina a afixa\u00e7\u00e3o de cartazes ou placas informativas nos ve\u00edculos, sinalizando claramente a inclus\u00e3o do autismo no grupo priorit\u00e1rio, j\u00e1 formado por idosos, pessoas com defici\u00eancia, gestantes, lactantes, obesos e pessoas com crian\u00e7as de colo. O projeto \u00e9 respaldado no Estatuto da Pessoa com TEA da Para\u00edba (Lei 12.378\/2022), que determina a plena efetiva\u00e7\u00e3o dos direitos dessas pessoas, incluindo o transporte acess\u00edvel e adequado \u00e0s suas necessidades.<\/p>\n","protected":false},"excerpt":{"rendered":"<p>Em mais um passo concreto rumo \u00e0 inclus\u00e3o e ao respeito \u00e0 diversidade, a Assembleia Legislativa da Para\u00edba declarou seu compromisso em garantir mais qualidade de vida e dignidade \u00e0s pessoas com o Transtorno do Espectro Autista (TEA) e seus familiares. Foram publicadas no Di\u00e1rio Oficial duas novas leis sancionadas pelo governador Jo\u00e3o Azev\u00eado, que &hellip;<\/p>\n","protected":false},"author":1,"featured_media":97563,"comment_status":"open","ping_status":"open","sticky":false,"template":"","format":"standard","meta":{"footnotes":""},"categories":[7],"tags":[],"class_list":["post-134965","post","type-post","status-publish","format-standard","has-post-thumbnail","hentry","category-diversas"],"_links":{"self":[{"href":"https:\/\/iparaiba.com.br\/index.php\/wp-json\/wp\/v2\/posts\/134965","targetHints":{"allow":["GET"]}}],"collection":[{"href":"https:\/\/iparaiba.com.br\/index.php\/wp-json\/wp\/v2\/posts"}],"about":[{"href":"https:\/\/iparaiba.com.br\/index.php\/wp-json\/wp\/v2\/types\/post"}],"author":[{"embeddable":true,"href":"https:\/\/iparaiba.com.br\/index.php\/wp-json\/wp\/v2\/users\/1"}],"replies":[{"embeddable":true,"href":"https:\/\/iparaiba.com.br\/index.php\/wp-json\/wp\/v2\/comments?post=134965"}],"version-history":[{"count":1,"href":"https:\/\/iparaiba.com.br\/index.php\/wp-json\/wp\/v2\/posts\/134965\/revisions"}],"predecessor-version":[{"id":134984,"href":"https:\/\/iparaiba.com.br\/index.php\/wp-json\/wp\/v2\/posts\/134965\/revisions\/134984"}],"wp:featuredmedia":[{"embeddable":true,"href":"https:\/\/iparaiba.com.br\/index.php\/wp-json\/wp\/v2\/media\/97563"}],"wp:attachment":[{"href":"https:\/\/iparaiba.com.br\/index.php\/wp-json\/wp\/v2\/media?parent=134965"}],"wp:term":[{"taxonomy":"category","embeddable":true,"href":"https:\/\/iparaiba.com.br\/index.php\/wp-json\/wp\/v2\/categories?post=134965"},{"taxonomy":"post_tag","embeddable":true,"href":"https:\/\/iparaiba.com.br\/index.php\/wp-json\/wp\/v2\/tags?post=134965"}],"curies":[{"name":"wp","href":"https:\/\/api.w.org\/{rel}","templated":true}]}}