{"id":134964,"date":"2025-05-06T12:00:32","date_gmt":"2025-05-06T15:00:32","guid":{"rendered":"https:\/\/onordeste.com.br\/?p=134958"},"modified":"2025-05-06T12:00:32","modified_gmt":"2025-05-06T15:00:32","slug":"assembleia-debate-atualizacao-do-pccr-dos-servidores-do-detran","status":"publish","type":"post","link":"https:\/\/iparaiba.com.br\/index.php\/2025\/05\/06\/assembleia-debate-atualizacao-do-pccr-dos-servidores-do-detran\/","title":{"rendered":"Assembleia debate atualiza\u00e7\u00e3o do PCCR dos servidores do DETRAN"},"content":{"rendered":"<p>A Assembleia Legislativa da Para\u00edba (ALPB) realizou audi\u00eancia p\u00fablica para discutir o Plano de Cargos, Carreiras e Remunera\u00e7\u00e3o (PCCR) dos servidores do Departamento de Tr\u00e2nsito da Para\u00edba (DETRAN-PB). O evento, proposto pelo deputado Michel Henrique, aconteceu no plen\u00e1rio da Casa Epit\u00e1cio Pessoa e debateu tamb\u00e9m a implanta\u00e7\u00e3o do aux\u00edlio periculosidade para os agentes de tr\u00e2nsito.<\/p>\n<p>O deputado Michel Henrique chamou a aten\u00e7\u00e3o a relev\u00e2ncia da pauta e afirmou que a Casa do Povo \u00e9 o espa\u00e7o leg\u00edtimo para discutir as demandas dos servidores. Segundo ele, o atual PCCR do Detran\/PB precisa ser atualizado para garantir melhores condi\u00e7\u00f5es de trabalho e presta\u00e7\u00e3o de servi\u00e7os \u00e0 sociedade.<\/p>\n<p>&#8220;Fui procurado pelos funcion\u00e1rios do Detran para tratar sobre o PCCR e me colocar \u00e0 disposi\u00e7\u00e3o aqui, que \u00e9 o foro adequado para a gente discutir isso. Estamos aqui para que eles mostrem as dificuldades, para que as pessoas consigam ser essa ponte de di\u00e1logo com o Poder Executivo para que se consigam a atualiza\u00e7\u00e3o do PCCR deles. Isso vai ajudar os servidores a evolu\u00edrem dentro da institui\u00e7\u00e3o e, consequentemente, a sociedade \u00e9 quem vai ganhar melhores com servi\u00e7os, com profissionais mais capacitados e mais engajados&#8221;, afirmou o deputado.<\/p>\n","protected":false},"excerpt":{"rendered":"<p>A Assembleia Legislativa da Para\u00edba (ALPB) realizou audi\u00eancia p\u00fablica para discutir o Plano de Cargos, Carreiras e Remunera\u00e7\u00e3o (PCCR) dos servidores do Departamento de Tr\u00e2nsito da Para\u00edba (DETRAN-PB). O evento, proposto pelo deputado Michel Henrique, aconteceu no plen\u00e1rio da Casa Epit\u00e1cio Pessoa e debateu tamb\u00e9m a implanta\u00e7\u00e3o do aux\u00edlio periculosidade para os agentes de tr\u00e2nsito. &hellip;<\/p>\n","protected":false},"author":1,"featured_media":97342,"comment_status":"open","ping_status":"open","sticky":false,"template":"","format":"standard","meta":{"footnotes":""},"categories":[6],"tags":[],"class_list":["post-134964","post","type-post","status-publish","format-standard","has-post-thumbnail","hentry","category-destaques"],"_links":{"self":[{"href":"https:\/\/iparaiba.com.br\/index.php\/wp-json\/wp\/v2\/posts\/134964","targetHints":{"allow":["GET"]}}],"collection":[{"href":"https:\/\/iparaiba.com.br\/index.php\/wp-json\/wp\/v2\/posts"}],"about":[{"href":"https:\/\/iparaiba.com.br\/index.php\/wp-json\/wp\/v2\/types\/post"}],"author":[{"embeddable":true,"href":"https:\/\/iparaiba.com.br\/index.php\/wp-json\/wp\/v2\/users\/1"}],"replies":[{"embeddable":true,"href":"https:\/\/iparaiba.com.br\/index.php\/wp-json\/wp\/v2\/comments?post=134964"}],"version-history":[{"count":1,"href":"https:\/\/iparaiba.com.br\/index.php\/wp-json\/wp\/v2\/posts\/134964\/revisions"}],"predecessor-version":[{"id":134982,"href":"https:\/\/iparaiba.com.br\/index.php\/wp-json\/wp\/v2\/posts\/134964\/revisions\/134982"}],"wp:featuredmedia":[{"embeddable":true,"href":"https:\/\/iparaiba.com.br\/index.php\/wp-json\/wp\/v2\/media\/97342"}],"wp:attachment":[{"href":"https:\/\/iparaiba.com.br\/index.php\/wp-json\/wp\/v2\/media?parent=134964"}],"wp:term":[{"taxonomy":"category","embeddable":true,"href":"https:\/\/iparaiba.com.br\/index.php\/wp-json\/wp\/v2\/categories?post=134964"},{"taxonomy":"post_tag","embeddable":true,"href":"https:\/\/iparaiba.com.br\/index.php\/wp-json\/wp\/v2\/tags?post=134964"}],"curies":[{"name":"wp","href":"https:\/\/api.w.org\/{rel}","templated":true}]}}