{"id":134962,"date":"2025-05-06T08:00:59","date_gmt":"2025-05-06T11:00:59","guid":{"rendered":"https:\/\/onordeste.com.br\/?p=134954"},"modified":"2025-05-06T08:00:59","modified_gmt":"2025-05-06T11:00:59","slug":"agevisa-determina-suspensao-da-fabricacao-e-manda-apreender-queijos-e-manteiga-da-terra-irregulares","status":"publish","type":"post","link":"https:\/\/iparaiba.com.br\/index.php\/2025\/05\/06\/agevisa-determina-suspensao-da-fabricacao-e-manda-apreender-queijos-e-manteiga-da-terra-irregulares\/","title":{"rendered":"Agevisa determina suspens\u00e3o da fabrica\u00e7\u00e3o e manda apreender queijos e manteiga da terra irregulares"},"content":{"rendered":"<p>A Ag\u00eancia Estadual de Vigil\u00e2ncia Sanit\u00e1ria (Agevisa\/PB) publicou no Di\u00e1rio Oficial do Estado, \u00e0s p\u00e1ginas 31 e 32 da edi\u00e7\u00e3o de s\u00e1bado, dia 26 de abril, como Notas T\u00e9cnicas n\u00ba 002\/2025, determinando a suspens\u00e3o da fabrica\u00e7\u00e3o, da comercializa\u00e7\u00e3o, da distribui\u00e7\u00e3o, do armazenamento e do transporte e a apreens\u00e3o dos produtos de todas as marcas produzidas pela empresa FM Fabrica\u00e7\u00e3o de Latic\u00ednios Ltda. , e n\u00ba 003\/2025, determinando a suspens\u00e3o da fabrica\u00e7\u00e3o, transfer\u00eancia, distribui\u00e7\u00e3o, armazenamento, transporte e uso e a apreens\u00e3o de todos os produtos da marca Caic\u00f3, distribu\u00eddos, comercializados e transportados pela empresa Comercial Caic\u00f3 Ltda.<\/p>\n<p>A iniciativa foi motivada pelas irregularidades constatadas pela Opera\u00e7\u00e3o \u201cSatura\u00e7\u00e3o\u201d, que reuniu, al\u00e9m da Agevisa\/PB, o Programa\u00a0de Prote\u00e7\u00e3o e Defesa do Consumidor (MP-Procon) do Minist\u00e9rio P\u00fablico da Para\u00edba (MP\/PB), as Secretarias de Estado da Fazenda (Sefaz\/PB) e de Desenvolvimento da Agropecu\u00e1ria e da Pesca (Sedap\/PB) e as Pol\u00edcias Civis (atrav\u00e9s da Delegacia de Crimes Contra a Ordem Tribut\u00e1ria) e Militar da Para\u00edba.<\/p>\n<p>A A\u00e7\u00e3o, deflagrada na quinta-feira (24),\u00a0constatou a produ\u00e7\u00e3o e falsifica\u00e7\u00e3o da manteiga da terra \u201cPaulista\u201d, inclusive com uso indevido de registros sanit\u00e1rios e r\u00f3tulos de outras empresas, e\u00a0revistado na pris\u00e3o, em flagrante, de tr\u00eas pessoas (dois gerentes e um m\u00e9dico veterin\u00e1rio) e na apreens\u00e3o de\u00a0300 unidades de manteiga da terra em embalagem pequena, 15 mil litros de leite, tr\u00eas toneladas de margarina e tr\u00eas mil litros de \u00f3leo vegetal, al\u00e9m da carga que havia em um caminh\u00e3o.<\/p>\n<p><strong>Marcas proibidas \u2013<\/strong>\u00a0Nos termos da Nota T\u00e9cnica n\u00ba 002\/2025, da Agevisa\/PB, est\u00e3o suspensas a fabrica\u00e7\u00e3o, a comercializa\u00e7\u00e3o, a distribui\u00e7\u00e3o, o armazenamento e o transporte dos produtos de\u00a0todas as marcas produzidas pela empresa\u00a0FM Fabrica\u00e7\u00e3o de Latic\u00ednios Ltda., inclusive o queijo de manteiga\u00a0marca Paulista e a manteiga da terra de marcas Paulista, Rainha Paraibana, G\u00eameos, Serrano e Caic\u00f3.<\/p>\n<p>Por meio da Nota T\u00e9cnica n\u00ba 003\/2025, a Agevisa\/PB determinou a\u00a0suspens\u00e3o da fabrica\u00e7\u00e3o, distribui\u00e7\u00e3o, distribui\u00e7\u00e3o, armazenamento, transporte e uso de todos os produtos da marca Caic\u00f3, produzidos, distribu\u00eddos, comercializados e transportados pela empresa Comercial Caic\u00f3 Ltda.<\/p>\n<p>Nas duas Notas T\u00e9cnicas, a Agevisa\/PB determinou tamb\u00e9m a\u00a0apreens\u00e3o, pelos \u00f3rg\u00e3os de Inspe\u00e7\u00e3o Sanit\u00e1ria, de todo e qualquer produto relacionado \u00e0s empresas FM Fabrica\u00e7\u00e3o de Latic\u00ednios Ltda. e Comercial Caic\u00f3 Ltda. que estejam sendo expostos e comercializados dentro do territ\u00f3rio paraibano, e ressaltou que o\u00a0descumprimento das determina\u00e7\u00f5es expressas configurar\u00e1 infra\u00e7\u00e3o pun\u00edvel nos termos da legisla\u00e7\u00e3o sanit\u00e1ria vigente, sem preju\u00edzo das responsabilidades civis, administrativas e penais cab\u00edveis.<\/p>\n<p>Agevisa<\/p>\n","protected":false},"excerpt":{"rendered":"<p>A Ag\u00eancia Estadual de Vigil\u00e2ncia Sanit\u00e1ria (Agevisa\/PB) publicou no Di\u00e1rio Oficial do Estado, \u00e0s p\u00e1ginas 31 e 32 da edi\u00e7\u00e3o de s\u00e1bado, dia 26 de abril, como Notas T\u00e9cnicas n\u00ba 002\/2025, determinando a suspens\u00e3o da fabrica\u00e7\u00e3o, da comercializa\u00e7\u00e3o, da distribui\u00e7\u00e3o, do armazenamento e do transporte e a apreens\u00e3o dos produtos de todas as marcas produzidas &hellip;<\/p>\n","protected":false},"author":1,"featured_media":116528,"comment_status":"open","ping_status":"open","sticky":false,"template":"","format":"standard","meta":{"footnotes":""},"categories":[3],"tags":[],"class_list":["post-134962","post","type-post","status-publish","format-standard","has-post-thumbnail","hentry","category-nordeste"],"_links":{"self":[{"href":"https:\/\/iparaiba.com.br\/index.php\/wp-json\/wp\/v2\/posts\/134962","targetHints":{"allow":["GET"]}}],"collection":[{"href":"https:\/\/iparaiba.com.br\/index.php\/wp-json\/wp\/v2\/posts"}],"about":[{"href":"https:\/\/iparaiba.com.br\/index.php\/wp-json\/wp\/v2\/types\/post"}],"author":[{"embeddable":true,"href":"https:\/\/iparaiba.com.br\/index.php\/wp-json\/wp\/v2\/users\/1"}],"replies":[{"embeddable":true,"href":"https:\/\/iparaiba.com.br\/index.php\/wp-json\/wp\/v2\/comments?post=134962"}],"version-history":[{"count":1,"href":"https:\/\/iparaiba.com.br\/index.php\/wp-json\/wp\/v2\/posts\/134962\/revisions"}],"predecessor-version":[{"id":134980,"href":"https:\/\/iparaiba.com.br\/index.php\/wp-json\/wp\/v2\/posts\/134962\/revisions\/134980"}],"wp:featuredmedia":[{"embeddable":true,"href":"https:\/\/iparaiba.com.br\/index.php\/wp-json\/wp\/v2\/media\/116528"}],"wp:attachment":[{"href":"https:\/\/iparaiba.com.br\/index.php\/wp-json\/wp\/v2\/media?parent=134962"}],"wp:term":[{"taxonomy":"category","embeddable":true,"href":"https:\/\/iparaiba.com.br\/index.php\/wp-json\/wp\/v2\/categories?post=134962"},{"taxonomy":"post_tag","embeddable":true,"href":"https:\/\/iparaiba.com.br\/index.php\/wp-json\/wp\/v2\/tags?post=134962"}],"curies":[{"name":"wp","href":"https:\/\/api.w.org\/{rel}","templated":true}]}}