{"id":134960,"date":"2025-05-05T18:47:00","date_gmt":"2025-05-05T21:47:00","guid":{"rendered":"https:\/\/onordeste.com.br\/?p=134950"},"modified":"2025-05-05T18:47:00","modified_gmt":"2025-05-05T21:47:00","slug":"alpb-debate-descentralizacao-de-laudos-e-demanda-por-tratamentos-de-pessoas-com-tea","status":"publish","type":"post","link":"https:\/\/iparaiba.com.br\/index.php\/2025\/05\/05\/alpb-debate-descentralizacao-de-laudos-e-demanda-por-tratamentos-de-pessoas-com-tea\/","title":{"rendered":"ALPB debate descentraliza\u00e7\u00e3o de laudos e demanda por tratamentos de pessoas com TEA"},"content":{"rendered":"<p>A Frente Parlamentar em Defesa da Sa\u00fade Mental e da Pessoa Neurodivergente da Assembleia Legislativa da Para\u00edba (ALPB) promoveu uma audi\u00eancia p\u00fablica para abordar quest\u00f5es relacionadas \u00e0 descentraliza\u00e7\u00e3o dos laudos pela Funda\u00e7\u00e3o para o Desenvolvimento da Crian\u00e7a e do Adolescente (Funad) para pessoas autistas, a redu\u00e7\u00e3o das filas de espera para consultas e diagn\u00f3sticos, al\u00e9m da cobertura de tratamentos por planos de sa\u00fade.<\/p>\n<p>A audi\u00eancia reunida com representantes da Funad e outros \u00f3rg\u00e3os envolvidos na quest\u00e3o da sa\u00fade mental, encontra maneiras eficazes de melhorar o acesso aos servi\u00e7os necess\u00e1rios para pessoas neurodivergentes e suas fam\u00edlias.<\/p>\n<p>O debate foi proposto pelo presidente da Frente Parlamentar, deputado Michel Henrique, que destacou o aumento significativo na incid\u00eancia do autismo e a crescente demanda por servi\u00e7os especializados. &#8220;Hoje, para se ter ideia, a cada 36 pessoas, uma tem autismo. Esses n\u00fameros est\u00e3o crescendo e isso, consequentemente, gera uma demanda que est\u00e1 ficando reprimida&#8221;, afirmou o parlamentar.<\/p>\n<p>Durante a audi\u00eancia, foi debatida a import\u00e2ncia de encontrar solu\u00e7\u00f5es para desafogar essa demanda reprimida. Michel Henrique ressaltou as diversas associa\u00e7\u00f5es do terceiro setor que oferecem servi\u00e7os relevantes, tanto no tratamento, quanto no diagn\u00f3stico de pessoas neurodivergentes. Al\u00e9m disso, destacou que os Centros de Reabilita\u00e7\u00e3o nos munic\u00edpios tamb\u00e9m t\u00eam capacidade de diagnosticar e tratar essas condi\u00e7\u00f5es. &#8220;Hoje, nosso foco \u00e9 como desafogar essa demanda. Existem filas quilom\u00e9tricas para conseguir tanto diagn\u00f3stico quanto tratamento&#8221;, alertou.<\/p>\n","protected":false},"excerpt":{"rendered":"<p>A Frente Parlamentar em Defesa da Sa\u00fade Mental e da Pessoa Neurodivergente da Assembleia Legislativa da Para\u00edba (ALPB) promoveu uma audi\u00eancia p\u00fablica para abordar quest\u00f5es relacionadas \u00e0 descentraliza\u00e7\u00e3o dos laudos pela Funda\u00e7\u00e3o para o Desenvolvimento da Crian\u00e7a e do Adolescente (Funad) para pessoas autistas, a redu\u00e7\u00e3o das filas de espera para consultas e diagn\u00f3sticos, al\u00e9m &hellip;<\/p>\n","protected":false},"author":1,"featured_media":106738,"comment_status":"open","ping_status":"open","sticky":false,"template":"","format":"standard","meta":{"footnotes":""},"categories":[2],"tags":[],"class_list":["post-134960","post","type-post","status-publish","format-standard","has-post-thumbnail","hentry","category-saude"],"_links":{"self":[{"href":"https:\/\/iparaiba.com.br\/index.php\/wp-json\/wp\/v2\/posts\/134960","targetHints":{"allow":["GET"]}}],"collection":[{"href":"https:\/\/iparaiba.com.br\/index.php\/wp-json\/wp\/v2\/posts"}],"about":[{"href":"https:\/\/iparaiba.com.br\/index.php\/wp-json\/wp\/v2\/types\/post"}],"author":[{"embeddable":true,"href":"https:\/\/iparaiba.com.br\/index.php\/wp-json\/wp\/v2\/users\/1"}],"replies":[{"embeddable":true,"href":"https:\/\/iparaiba.com.br\/index.php\/wp-json\/wp\/v2\/comments?post=134960"}],"version-history":[{"count":1,"href":"https:\/\/iparaiba.com.br\/index.php\/wp-json\/wp\/v2\/posts\/134960\/revisions"}],"predecessor-version":[{"id":134978,"href":"https:\/\/iparaiba.com.br\/index.php\/wp-json\/wp\/v2\/posts\/134960\/revisions\/134978"}],"wp:featuredmedia":[{"embeddable":true,"href":"https:\/\/iparaiba.com.br\/index.php\/wp-json\/wp\/v2\/media\/106738"}],"wp:attachment":[{"href":"https:\/\/iparaiba.com.br\/index.php\/wp-json\/wp\/v2\/media?parent=134960"}],"wp:term":[{"taxonomy":"category","embeddable":true,"href":"https:\/\/iparaiba.com.br\/index.php\/wp-json\/wp\/v2\/categories?post=134960"},{"taxonomy":"post_tag","embeddable":true,"href":"https:\/\/iparaiba.com.br\/index.php\/wp-json\/wp\/v2\/tags?post=134960"}],"curies":[{"name":"wp","href":"https:\/\/api.w.org\/{rel}","templated":true}]}}