{"id":134959,"date":"2025-05-05T16:00:21","date_gmt":"2025-05-05T19:00:21","guid":{"rendered":"https:\/\/onordeste.com.br\/?p=134948"},"modified":"2025-05-05T16:00:21","modified_gmt":"2025-05-05T19:00:21","slug":"confira-o-gabarito-preliminar-da-1a-fase-do-43o-exame-de-ordem","status":"publish","type":"post","link":"https:\/\/iparaiba.com.br\/index.php\/2025\/05\/05\/confira-o-gabarito-preliminar-da-1a-fase-do-43o-exame-de-ordem\/","title":{"rendered":"Confira o gabarito preliminar da 1\u00aa fase do 43\u00ba Exame de Ordem"},"content":{"rendered":"<p style=\"font-weight: 400;\">A Coordena\u00e7\u00e3o Nacional do Exame de Ordem Unificado da OAB divulga o gabarito preliminar da 1\u00aa fase (prova objetiva) do 43\u00ba Exame de Ordem Unificado (EOU), realizada no dia 27\/4.<\/p>\n<p style=\"font-weight: 400;\">O prazo recursal contra o resultado come\u00e7ar\u00e1 nesta segunda-feira (28\/4) e terminar\u00e1 \u00e0s 12h do dia 30 de abril, pelo hor\u00e1rio oficial de Bras\u00edlia (DF).<\/p>\n<p style=\"font-weight: 400;\">A aprova\u00e7\u00e3o no Exame de Ordem \u00e9 requisito necess\u00e1rio para a inscri\u00e7\u00e3o nos quadros da OAB como advogado. O EOU pode ser prestado por bacharel em Direito, ainda que pendente apenas a sua cola\u00e7\u00e3o de grau, formado em institui\u00e7\u00e3o regularmente credenciada. Podem realiz\u00e1-lo os estudantes do \u00faltimo ano do curso de gradua\u00e7\u00e3o em Direito ou dos dois \u00faltimos semestres.<\/p>\n<p style=\"font-weight: 400;\">Acesse aqui o gabarito:<\/p>\n<p style=\"font-style: inherit; font-weight: inherit;\"><span style=\"font-weight: inherit;\"><a href=\"https:\/\/s.oab.org.br\/arquivos\/2025\/04\/145104f9-1301-453d-9079-3d5af4f8e60a.pdf\"><b><strong style=\"font-style: inherit;\">Caderno de Prova &#8211; Tipo 1<\/strong><\/b><\/a><\/span><span style=\"font-weight: inherit;\"><b><strong style=\"font-style: inherit;\">\u00a0<\/strong><\/b><\/span><\/p>\n<p style=\"font-style: inherit; font-weight: inherit;\"><span style=\"font-weight: inherit;\"><a href=\"https:\/\/s.oab.org.br\/arquivos\/2025\/04\/a7b60f68-32b5-44a8-9fea-41d9c4f2ccbc.pdf\"><b><strong style=\"font-style: inherit;\">Caderno de Prova \u2013 Tipo 2<\/strong><\/b><\/a><\/span><span style=\"font-weight: inherit;\"><b><strong style=\"font-style: inherit;\">\u00a0<\/strong><\/b><\/span><\/p>\n<p style=\"font-style: inherit; font-weight: inherit;\"><span style=\"font-weight: inherit;\"><a href=\"https:\/\/s.oab.org.br\/arquivos\/2025\/04\/f357a8e2-04de-4c73-be4f-8bf1230fc835.pdf\"><b><strong style=\"font-style: inherit;\">Caderno de Prova \u2013 Tipo 3<\/strong><\/b><\/a><\/span><span style=\"font-weight: inherit;\"><b><strong style=\"font-style: inherit;\">\u00a0<\/strong><\/b><\/span><\/p>\n<p style=\"font-style: inherit; font-weight: inherit;\"><span style=\"font-weight: inherit;\"><a href=\"https:\/\/s.oab.org.br\/arquivos\/2025\/04\/bbd4fe5e-27d3-4523-bb18-27ebe7353d3f.pdf\"><b><strong style=\"font-style: inherit;\">Caderno de Prova \u2013 Tipo 4<\/strong><\/b><\/a><\/span><span style=\"font-weight: inherit;\"><b><strong style=\"font-style: inherit;\">\u00a0<\/strong><\/b><\/span><\/p>\n<p style=\"font-style: inherit; font-weight: inherit;\"><span style=\"font-style: inherit; font-weight: inherit;\"><a href=\"https:\/\/s.oab.org.br\/arquivos\/2025\/04\/2da3480e-f4d0-4746-bf4c-5bd2442a71eb.pdf\"><b><strong style=\"font-style: inherit;\">Gabaritos Preliminares da Prova Objetiva (1\u00aa fase)<\/strong><\/b><\/a><\/span><\/p>\n","protected":false},"excerpt":{"rendered":"<p>A Coordena\u00e7\u00e3o Nacional do Exame de Ordem Unificado da OAB divulga o gabarito preliminar da 1\u00aa fase (prova objetiva) do 43\u00ba Exame de Ordem Unificado (EOU), realizada no dia 27\/4. O prazo recursal contra o resultado come\u00e7ar\u00e1 nesta segunda-feira (28\/4) e terminar\u00e1 \u00e0s 12h do dia 30 de abril, pelo hor\u00e1rio oficial de Bras\u00edlia (DF). &hellip;<\/p>\n","protected":false},"author":1,"featured_media":107582,"comment_status":"open","ping_status":"open","sticky":false,"template":"","format":"standard","meta":{"footnotes":""},"categories":[12],"tags":[],"class_list":["post-134959","post","type-post","status-publish","format-standard","has-post-thumbnail","hentry","category-emprego"],"_links":{"self":[{"href":"https:\/\/iparaiba.com.br\/index.php\/wp-json\/wp\/v2\/posts\/134959","targetHints":{"allow":["GET"]}}],"collection":[{"href":"https:\/\/iparaiba.com.br\/index.php\/wp-json\/wp\/v2\/posts"}],"about":[{"href":"https:\/\/iparaiba.com.br\/index.php\/wp-json\/wp\/v2\/types\/post"}],"author":[{"embeddable":true,"href":"https:\/\/iparaiba.com.br\/index.php\/wp-json\/wp\/v2\/users\/1"}],"replies":[{"embeddable":true,"href":"https:\/\/iparaiba.com.br\/index.php\/wp-json\/wp\/v2\/comments?post=134959"}],"version-history":[{"count":1,"href":"https:\/\/iparaiba.com.br\/index.php\/wp-json\/wp\/v2\/posts\/134959\/revisions"}],"predecessor-version":[{"id":134977,"href":"https:\/\/iparaiba.com.br\/index.php\/wp-json\/wp\/v2\/posts\/134959\/revisions\/134977"}],"wp:featuredmedia":[{"embeddable":true,"href":"https:\/\/iparaiba.com.br\/index.php\/wp-json\/wp\/v2\/media\/107582"}],"wp:attachment":[{"href":"https:\/\/iparaiba.com.br\/index.php\/wp-json\/wp\/v2\/media?parent=134959"}],"wp:term":[{"taxonomy":"category","embeddable":true,"href":"https:\/\/iparaiba.com.br\/index.php\/wp-json\/wp\/v2\/categories?post=134959"},{"taxonomy":"post_tag","embeddable":true,"href":"https:\/\/iparaiba.com.br\/index.php\/wp-json\/wp\/v2\/tags?post=134959"}],"curies":[{"name":"wp","href":"https:\/\/api.w.org\/{rel}","templated":true}]}}