{"id":134937,"date":"2025-04-24T09:36:16","date_gmt":"2025-04-24T12:36:16","guid":{"rendered":"https:\/\/onordeste.com.br\/?p=134894"},"modified":"2025-04-24T09:36:16","modified_gmt":"2025-04-24T12:36:16","slug":"assembleia-debate-distancia-para-instalacao-de-parques-eolicos-em-areas-residenciais","status":"publish","type":"post","link":"https:\/\/iparaiba.com.br\/index.php\/2025\/04\/24\/assembleia-debate-distancia-para-instalacao-de-parques-eolicos-em-areas-residenciais\/","title":{"rendered":"Assembleia debate dist\u00e2ncia para instala\u00e7\u00e3o de parques e\u00f3licos em \u00e1reas residenciais"},"content":{"rendered":"<p>A Assembleia Legislativa da Para\u00edba (ALPB) realizou audi\u00eancia p\u00fablica com o intuito de debater o projeto de lei que estabelece a dist\u00e2ncia m\u00ednima para instala\u00e7\u00e3o de aerogeradores de energia e\u00f3lica em rela\u00e7\u00e3o a edifica\u00e7\u00f5es de uso p\u00fablico, coletivo e privado. O evento, proposto pela deputada Cida Ramos e pelo deputado Tovar Correia Lima, aconteceu no plen\u00e1rio da Casa de Epit\u00e1cio Pessoa e contou com a presen\u00e7a da secret\u00e1ria de Estado do Meio Ambiente e Sustentabilidade, Rafaela Camaraense, do procurador do Minist\u00e9rio P\u00fablico Federal, Jos\u00e9 Godoy, e representantes da sociedade civil organizada.<\/p>\n<p>Autora do Projeto de Lei (PL) 2.061\/2024, a deputada Cida Ramos ressaltou a necessidade de uma legisla\u00e7\u00e3o especifica com o intuito de resguardar a sa\u00fade e o bem estar dos cidad\u00e3os paraibanos no usufruto de suas pr\u00f3prias resid\u00eancias ou em locais de uso coletivo. De acordo com o projeto apresentado pela parlamentar, a dist\u00e2ncia m\u00ednima ser\u00e1 de 2 km (dois mil metros), contados a partir do limite externo das referidas edifica\u00e7\u00f5es.<\/p>\n","protected":false},"excerpt":{"rendered":"<p>A Assembleia Legislativa da Para\u00edba (ALPB) realizou audi\u00eancia p\u00fablica com o intuito de debater o projeto de lei que estabelece a dist\u00e2ncia m\u00ednima para instala\u00e7\u00e3o de aerogeradores de energia e\u00f3lica em rela\u00e7\u00e3o a edifica\u00e7\u00f5es de uso p\u00fablico, coletivo e privado. O evento, proposto pela deputada Cida Ramos e pelo deputado Tovar Correia Lima, aconteceu no &hellip;<\/p>\n","protected":false},"author":1,"featured_media":108116,"comment_status":"open","ping_status":"open","sticky":false,"template":"","format":"standard","meta":{"footnotes":""},"categories":[3],"tags":[],"class_list":["post-134937","post","type-post","status-publish","format-standard","has-post-thumbnail","hentry","category-nordeste"],"_links":{"self":[{"href":"https:\/\/iparaiba.com.br\/index.php\/wp-json\/wp\/v2\/posts\/134937","targetHints":{"allow":["GET"]}}],"collection":[{"href":"https:\/\/iparaiba.com.br\/index.php\/wp-json\/wp\/v2\/posts"}],"about":[{"href":"https:\/\/iparaiba.com.br\/index.php\/wp-json\/wp\/v2\/types\/post"}],"author":[{"embeddable":true,"href":"https:\/\/iparaiba.com.br\/index.php\/wp-json\/wp\/v2\/users\/1"}],"replies":[{"embeddable":true,"href":"https:\/\/iparaiba.com.br\/index.php\/wp-json\/wp\/v2\/comments?post=134937"}],"version-history":[{"count":0,"href":"https:\/\/iparaiba.com.br\/index.php\/wp-json\/wp\/v2\/posts\/134937\/revisions"}],"wp:featuredmedia":[{"embeddable":true,"href":"https:\/\/iparaiba.com.br\/index.php\/wp-json\/wp\/v2\/media\/108116"}],"wp:attachment":[{"href":"https:\/\/iparaiba.com.br\/index.php\/wp-json\/wp\/v2\/media?parent=134937"}],"wp:term":[{"taxonomy":"category","embeddable":true,"href":"https:\/\/iparaiba.com.br\/index.php\/wp-json\/wp\/v2\/categories?post=134937"},{"taxonomy":"post_tag","embeddable":true,"href":"https:\/\/iparaiba.com.br\/index.php\/wp-json\/wp\/v2\/tags?post=134937"}],"curies":[{"name":"wp","href":"https:\/\/api.w.org\/{rel}","templated":true}]}}