{"id":134935,"date":"2025-04-24T09:33:03","date_gmt":"2025-04-24T12:33:03","guid":{"rendered":"https:\/\/onordeste.com.br\/?p=134890"},"modified":"2025-04-24T09:33:03","modified_gmt":"2025-04-24T12:33:03","slug":"ufpb-publica-editais-para-ingresso-de-graduados-transferencia-voluntaria-e-reopcao","status":"publish","type":"post","link":"https:\/\/iparaiba.com.br\/index.php\/2025\/04\/24\/ufpb-publica-editais-para-ingresso-de-graduados-transferencia-voluntaria-e-reopcao\/","title":{"rendered":"UFPB publica editais para Ingresso de Graduados, Transfer\u00eancia Volunt\u00e1ria e Reop\u00e7\u00e3o"},"content":{"rendered":"<p>A Pr\u00f3-Reitoria de Gradua\u00e7\u00e3o da Universidade Federal da Para\u00edba (PRG\/UFPB) divulgou os editais dos processos seletivos de\u00a0Ingresso de Graduados (PSIG), Transfer\u00eancia Volunt\u00e1ria (PSTV) e Reop\u00e7\u00e3o de Cursos (PSRC). As chamadas s\u00e3o para ingresso na institui\u00e7\u00e3o no per\u00edodo letivo 2025.1, em cursos de gradua\u00e7\u00e3o na modalidade presencial.<\/p>\n<div class=\"related\">\n<div>O Processo Seletivo de Ingresso de Graduados est\u00e1 aberto a candidatos com diploma de gradua\u00e7\u00e3o obtido em qualquer Institui\u00e7\u00e3o de Ensino Superior (IES) reconhecida pelo Minist\u00e9rio da Educa\u00e7\u00e3o (MEC). Para concorrer, \u00e9 preciso ainda apresentar Coeficiente de Rendimento Acad\u00eamico (CRA) igual ou superior a 7,0.<\/div>\n<\/div>\n<p>Est\u00e3o sendo ofertadas 264 vagas nos campi de Areia, Bananeiras, Jo\u00e3o Pessoa e Litoral Norte (Mamanguape e Rio Tinto). A distribui\u00e7\u00e3o das vagas pode ser acessada no<a href=\"https:\/\/www.prg.ufpb.br\/prg\/codesc\/processos-seletivos\/noticias\/processo-seletivo-para-ingresso-de-graduados-psig-2025-1-cursos-presenciais-1\/edital-psig_2025-1-4.pdf\" target=\"_blank\" rel=\"noreferrer noopener\">\u00a0edital<\/a>\u00a0publicado na<a href=\"https:\/\/www.prg.ufpb.br\/prg\/codesc\/processos-seletivos\" target=\"_blank\" rel=\"noreferrer noopener\">\u00a0p\u00e1gina<\/a>\u00a0da Pr\u00f3-Reitoria de Gradua\u00e7\u00e3o.<\/p>\n<p>Os candidatos que estiverem concorrendo \u00e0s vagas dos cursos de M\u00fasica (Bacharelado e Licenciatura) ser\u00e3o classificados a partir da m\u00e9dia aritm\u00e9tica entre o Coeficiente de Rendimento Acad\u00eamico (CRA) e a nota da Prova de Conhecimento Espec\u00edfico, que ser\u00e1 aplicada no dia 20 de maio. Para todos os outros cursos, n\u00e3o haver\u00e1 aplica\u00e7\u00e3o de prova e a classifica\u00e7\u00e3o dos candidatos levar\u00e1 em conta somente o CRA.<\/p>\n<p>As pessoas interessadas no Ingresso de Graduados devem acessar o Sistema Integrado de Gest\u00e3o das Atividades Acad\u00eamicas (SIGAA) para realizarem as inscri\u00e7\u00f5es, que est\u00e3o abertas no per\u00edodo de 24 a 29 de abril.<\/p>\n<p>J\u00e1 os interessados em participar do Processo Seletivo de Transfer\u00eancia Volunt\u00e1ria (PSTV) devem estar matriculados em curso presencial de gradua\u00e7\u00e3o em outra IES, p\u00fablica ou privada, tendo cursado, na institui\u00e7\u00e3o de origem, um m\u00ednimo de 25% da carga hor\u00e1ria total do curso em que est\u00e1 inscrito.<\/p>\n<p>Entre outros requisitos, os candidatos ao PSTV tamb\u00e9m precisam ter se submetido ao Exame Nacional do Ensino M\u00e9dio (ENEM) em, pelo menos, uma edi\u00e7\u00e3o nos \u00faltimos tr\u00eas anos (2022, 2023 e\/ou 2024). O candidato n\u00e3o pode ter obtido nota Zero na prova de conhecimentos e na reda\u00e7\u00e3o do Enem.<\/p>\n<p>O quadro de vagas, com 231 oportunidades distribu\u00eddas pelos campi de Areia, Bananeiras, Jo\u00e3o Pessoa e Litoral Norte (Mamanguape e Rio Tinto), est\u00e1 dispon\u00edvel no<a href=\"https:\/\/www.prg.ufpb.br\/prg\/codesc\/processos-seletivos\/noticias\/processo-seletivo-para-transferencia-voluntaria-pstv-2025-1-cursos-presenciais\/EditalPSTV_2025.1.pdf\" target=\"_blank\" rel=\"noreferrer noopener\">\u00a0edital<\/a>\u00a0publicado pela Pr\u00f3-Reitoria de Gradua\u00e7\u00e3o. Assim como o Processo Seletivo de Ingresso de Graduados, as inscri\u00e7\u00f5es para o PSTV tamb\u00e9m ocorrer\u00e3o via SIGAA, no per\u00edodo de 24 a 29 de abril.<\/p>\n<p>Com um total de 289 vagas, o Processo Seletivo de Reop\u00e7\u00e3o de Cursos de Gradua\u00e7\u00e3o est\u00e1 aberto a estudantes interessados em mudar do curso ao qual est\u00e1 vinculado para outro curso de gradua\u00e7\u00e3o na UFPB. A lista dos cursos com vagas dispon\u00edveis em cada campus pode ser acessada no<a href=\"https:\/\/www.prg.ufpb.br\/prg\/codesc\/processos-seletivos\/noticias\/processo-seletivo-de-reopcao-de-cursos-de-graduacao-da-ufpb-psrc-2025-1-cursos-presenciais\/edital_reopcao_2025-1.pdf\" target=\"_blank\" rel=\"noreferrer noopener\">\u00a0edital<\/a>\u00a0divulgado pela PRG.<\/p>\n<p>Assim como no PSIG, os candidatos que estiverem concorrendo \u00e0s vagas dos cursos de M\u00fasica (Bacharelado e Licenciatura) ser\u00e3o classificados a partir da m\u00e9dia aritm\u00e9tica entre o Coeficiente de Rendimento Acad\u00eamico (CRA) e a nota da Prova de Conhecimento Espec\u00edfico, que ser\u00e1 aplicada no dia 20 de maio. Para todos os outros cursos, n\u00e3o haver\u00e1 aplica\u00e7\u00e3o de prova e a classifica\u00e7\u00e3o dos candidatos levar\u00e1 em conta somente o CRA. Tamb\u00e9m haver\u00e1 prova pr\u00e1tica para os candidatos aos cursos de M\u00fasica.<\/p>\n<p>No caso da Reop\u00e7\u00e3o de Cursos, as inscri\u00e7\u00f5es devem ser efetuadas no per\u00edodo de 23 a 25 de abril, igualmente por meio do SIGAA.<\/p>\n<p><em>UFPB<\/em><\/p>\n","protected":false},"excerpt":{"rendered":"<p>A Pr\u00f3-Reitoria de Gradua\u00e7\u00e3o da Universidade Federal da Para\u00edba (PRG\/UFPB) divulgou os editais dos processos seletivos de\u00a0Ingresso de Graduados (PSIG), Transfer\u00eancia Volunt\u00e1ria (PSTV) e Reop\u00e7\u00e3o de Cursos (PSRC). As chamadas s\u00e3o para ingresso na institui\u00e7\u00e3o no per\u00edodo letivo 2025.1, em cursos de gradua\u00e7\u00e3o na modalidade presencial. O Processo Seletivo de Ingresso de Graduados est\u00e1 aberto &hellip;<\/p>\n","protected":false},"author":1,"featured_media":100968,"comment_status":"open","ping_status":"open","sticky":false,"template":"","format":"standard","meta":{"footnotes":""},"categories":[11],"tags":[],"class_list":["post-134935","post","type-post","status-publish","format-standard","has-post-thumbnail","hentry","category-educacao"],"_links":{"self":[{"href":"https:\/\/iparaiba.com.br\/index.php\/wp-json\/wp\/v2\/posts\/134935","targetHints":{"allow":["GET"]}}],"collection":[{"href":"https:\/\/iparaiba.com.br\/index.php\/wp-json\/wp\/v2\/posts"}],"about":[{"href":"https:\/\/iparaiba.com.br\/index.php\/wp-json\/wp\/v2\/types\/post"}],"author":[{"embeddable":true,"href":"https:\/\/iparaiba.com.br\/index.php\/wp-json\/wp\/v2\/users\/1"}],"replies":[{"embeddable":true,"href":"https:\/\/iparaiba.com.br\/index.php\/wp-json\/wp\/v2\/comments?post=134935"}],"version-history":[{"count":0,"href":"https:\/\/iparaiba.com.br\/index.php\/wp-json\/wp\/v2\/posts\/134935\/revisions"}],"wp:featuredmedia":[{"embeddable":true,"href":"https:\/\/iparaiba.com.br\/index.php\/wp-json\/wp\/v2\/media\/100968"}],"wp:attachment":[{"href":"https:\/\/iparaiba.com.br\/index.php\/wp-json\/wp\/v2\/media?parent=134935"}],"wp:term":[{"taxonomy":"category","embeddable":true,"href":"https:\/\/iparaiba.com.br\/index.php\/wp-json\/wp\/v2\/categories?post=134935"},{"taxonomy":"post_tag","embeddable":true,"href":"https:\/\/iparaiba.com.br\/index.php\/wp-json\/wp\/v2\/tags?post=134935"}],"curies":[{"name":"wp","href":"https:\/\/api.w.org\/{rel}","templated":true}]}}