{"id":134934,"date":"2025-04-24T09:31:23","date_gmt":"2025-04-24T12:31:23","guid":{"rendered":"https:\/\/onordeste.com.br\/?p=134888"},"modified":"2025-04-24T09:31:23","modified_gmt":"2025-04-24T12:31:23","slug":"nao-vamos-permitir-que-o-projeto-da-anistia-prejudique-a-agenda-economica-afirma-hugo","status":"publish","type":"post","link":"https:\/\/iparaiba.com.br\/index.php\/2025\/04\/24\/nao-vamos-permitir-que-o-projeto-da-anistia-prejudique-a-agenda-economica-afirma-hugo\/","title":{"rendered":"\u201cN\u00e3o vamos permitir que o projeto da anistia prejudique a agenda econ\u00f4mica\u201d, afirma Hugo"},"content":{"rendered":"<p>O presidente da C\u00e2mara dos Deputados, Hugo Motta (Republicanos-PB), afirmou que n\u00e3o vai permitir que o projeto da anistia prejudique mat\u00e9rias importantes da agenda econ\u00f4mica, como a proposta que isenta do Imposto de Renda quem ganha at\u00e9 R$ 5 mil (<a href=\"https:\/\/www.camara.leg.br\/noticias\/1141174-governo-envia-projeto-sobre-aumento-da-isencao-de-imposto-de-renda-para-o-congresso-copia\">PL 1087\/25<\/a>).<\/p>\n<p>Para Motta, se for levada em considera\u00e7\u00e3o uma ordem de prioridade, o projeto do Imposto de Renda tem um apelo muito maior. Al\u00e9m disso, segundo ele, a proposta de anistia divide a Casa.<\/p>\n<p>O presidente participou de evento promovido pela\u00a0<em>CNN Brasil<\/em>, para debater os desafios do novo cen\u00e1rio econ\u00f4mico mundial e os impactos das decis\u00f5es econ\u00f4micas brasileiras.<\/p>\n<p>\u201cEm um cen\u00e1rio de crise internacional, n\u00e3o podemos ter uma crise institucional. Temos que ter di\u00e1logo. N\u00e3o vamos misturar essas pautas, vamos usar todo o nosso tempo com responsabilidade\u201d, defendeu o presidente.<\/p>\n","protected":false},"excerpt":{"rendered":"<p>O presidente da C\u00e2mara dos Deputados, Hugo Motta (Republicanos-PB), afirmou que n\u00e3o vai permitir que o projeto da anistia prejudique mat\u00e9rias importantes da agenda econ\u00f4mica, como a proposta que isenta do Imposto de Renda quem ganha at\u00e9 R$ 5 mil (PL 1087\/25). Para Motta, se for levada em considera\u00e7\u00e3o uma ordem de prioridade, o projeto &hellip;<\/p>\n","protected":false},"author":1,"featured_media":123149,"comment_status":"open","ping_status":"open","sticky":false,"template":"","format":"standard","meta":{"footnotes":""},"categories":[6],"tags":[],"class_list":["post-134934","post","type-post","status-publish","format-standard","has-post-thumbnail","hentry","category-destaques"],"_links":{"self":[{"href":"https:\/\/iparaiba.com.br\/index.php\/wp-json\/wp\/v2\/posts\/134934","targetHints":{"allow":["GET"]}}],"collection":[{"href":"https:\/\/iparaiba.com.br\/index.php\/wp-json\/wp\/v2\/posts"}],"about":[{"href":"https:\/\/iparaiba.com.br\/index.php\/wp-json\/wp\/v2\/types\/post"}],"author":[{"embeddable":true,"href":"https:\/\/iparaiba.com.br\/index.php\/wp-json\/wp\/v2\/users\/1"}],"replies":[{"embeddable":true,"href":"https:\/\/iparaiba.com.br\/index.php\/wp-json\/wp\/v2\/comments?post=134934"}],"version-history":[{"count":0,"href":"https:\/\/iparaiba.com.br\/index.php\/wp-json\/wp\/v2\/posts\/134934\/revisions"}],"wp:featuredmedia":[{"embeddable":true,"href":"https:\/\/iparaiba.com.br\/index.php\/wp-json\/wp\/v2\/media\/123149"}],"wp:attachment":[{"href":"https:\/\/iparaiba.com.br\/index.php\/wp-json\/wp\/v2\/media?parent=134934"}],"wp:term":[{"taxonomy":"category","embeddable":true,"href":"https:\/\/iparaiba.com.br\/index.php\/wp-json\/wp\/v2\/categories?post=134934"},{"taxonomy":"post_tag","embeddable":true,"href":"https:\/\/iparaiba.com.br\/index.php\/wp-json\/wp\/v2\/tags?post=134934"}],"curies":[{"name":"wp","href":"https:\/\/api.w.org\/{rel}","templated":true}]}}