{"id":134933,"date":"2025-04-24T09:28:41","date_gmt":"2025-04-24T12:28:41","guid":{"rendered":"https:\/\/onordeste.com.br\/?p=134886"},"modified":"2025-04-24T09:28:41","modified_gmt":"2025-04-24T12:28:41","slug":"agu-cria-grupo-para-recuperar-dinheiro-das-vitimas-de-fraude-no-inss","status":"publish","type":"post","link":"https:\/\/iparaiba.com.br\/index.php\/2025\/04\/24\/agu-cria-grupo-para-recuperar-dinheiro-das-vitimas-de-fraude-no-inss\/","title":{"rendered":"AGU cria grupo para recuperar dinheiro das v\u00edtimas de fraude no INSS"},"content":{"rendered":"<p>A Advocacia-Geral da Uni\u00e3o (AGU) criou nesta quarta-feira (23) um grupo especial para buscar a recupera\u00e7\u00e3o do dinheiro descontado irregularmente dos aposentados e pensionistas do Instituto Nacional do Seguro Social (INSS).<\/p>\n<p>A medida foi tomada ap\u00f3s a deflagra\u00e7\u00e3o da Opera\u00e7\u00e3o Sem Desconto, da Pol\u00edcia Federal, que investiga um esquema nacional de descontos de mensalidades associativas n\u00e3o autorizadas.\u00a0Estima-se que cerca de R$ 6,3 bilh\u00f5es foram descontados de aposentados e pensionistas entre 2019 e 2024.<\/p>\n<p>O grupo ser\u00e1 formado por oito advogados p\u00fablicos que v\u00e3o atuar para propor medidas judiciais e administrativas para obter a repara\u00e7\u00e3o dos valores descontados e os danos causados contra o INSS.<\/p>\n<p>Os profissionais tamb\u00e9m devem propor medidas de preven\u00e7\u00e3o e enfrentamento de situa\u00e7\u00f5es de fraudes contra a seguridade social.<\/p>\n<p>A\u00a0exonera\u00e7\u00e3o do presidente do Instituto Nacional do Seguro Social (INSS), Alessandro Stefanutto, foi\u00a0publicada em edi\u00e7\u00e3o extra do Di\u00e1rio Oficial da Uni\u00e3o desta quarta-feira (23). A portaria \u00e9 assinada pela ministra substituta da Casa Civil, Miriam Belchior.<\/p>\n<p>Stefanutto \u00e9 um dos investigados na opera\u00e7\u00e3o que a Pol\u00edcia Federal (PF) e a Controladoria-Geral da Uni\u00e3o (CGU) deflagraram na manh\u00e3 de hoje para apurar suspeitas de um esquema de descontos n\u00e3o autorizados nos benef\u00edcios\u00a0de aposentados e pensionistas.<\/p>\n<p>A\u00a0demiss\u00e3o foi determinada pelo presidente Luiz In\u00e1cio Lula da Silva.<\/p>\n<p>Mais cedo, a\u00a0Justi\u00e7a Federal j\u00e1 havia determinado o afastamento cautelar de Stefanutto e de outros cinco servidores p\u00fablicos.<\/p>\n<p>Procurador federal, Stefanutto ficou \u00e0 frente da Procuradoria-Federal Especializada junto ao INSS de 2011 a 2017.\u00a0Em 11 de julho de 2023, assumiu a presid\u00eancia da autarquia por indica\u00e7\u00e3o do ministro da Previd\u00eancia Social, Carlos Lupi,\u00a0que defendeu hoje o direito de todos os investigados \u00e0 presun\u00e7\u00e3o de inoc\u00eancia.<\/p>\n<p>Opera\u00e7\u00e3o<\/p>\n<p>A\u00a0Opera\u00e7\u00e3o Sem Desconto\u00a0investiga um suposto esquema nacional de descontos de mensalidades associativas n\u00e3o autorizadas.\u00a0Estima-se que cerca de R$ 6,3 bilh\u00f5es foram descontados\u00a0de aposentados e pensionistas\u00a0entre 2019 e 2024.<\/p>\n<p><em><strong>Ag\u00eancia Brasil<\/strong><\/em><\/p>\n","protected":false},"excerpt":{"rendered":"<p>A Advocacia-Geral da Uni\u00e3o (AGU) criou nesta quarta-feira (23) um grupo especial para buscar a recupera\u00e7\u00e3o do dinheiro descontado irregularmente dos aposentados e pensionistas do Instituto Nacional do Seguro Social (INSS). A medida foi tomada ap\u00f3s a deflagra\u00e7\u00e3o da Opera\u00e7\u00e3o Sem Desconto, da Pol\u00edcia Federal, que investiga um esquema nacional de descontos de mensalidades associativas &hellip;<\/p>\n","protected":false},"author":1,"featured_media":0,"comment_status":"open","ping_status":"open","sticky":false,"template":"","format":"standard","meta":{"footnotes":""},"categories":[6],"tags":[],"class_list":["post-134933","post","type-post","status-publish","format-standard","has-post-thumbnail","hentry","category-destaques"],"_links":{"self":[{"href":"https:\/\/iparaiba.com.br\/index.php\/wp-json\/wp\/v2\/posts\/134933","targetHints":{"allow":["GET"]}}],"collection":[{"href":"https:\/\/iparaiba.com.br\/index.php\/wp-json\/wp\/v2\/posts"}],"about":[{"href":"https:\/\/iparaiba.com.br\/index.php\/wp-json\/wp\/v2\/types\/post"}],"author":[{"embeddable":true,"href":"https:\/\/iparaiba.com.br\/index.php\/wp-json\/wp\/v2\/users\/1"}],"replies":[{"embeddable":true,"href":"https:\/\/iparaiba.com.br\/index.php\/wp-json\/wp\/v2\/comments?post=134933"}],"version-history":[{"count":0,"href":"https:\/\/iparaiba.com.br\/index.php\/wp-json\/wp\/v2\/posts\/134933\/revisions"}],"wp:attachment":[{"href":"https:\/\/iparaiba.com.br\/index.php\/wp-json\/wp\/v2\/media?parent=134933"}],"wp:term":[{"taxonomy":"category","embeddable":true,"href":"https:\/\/iparaiba.com.br\/index.php\/wp-json\/wp\/v2\/categories?post=134933"},{"taxonomy":"post_tag","embeddable":true,"href":"https:\/\/iparaiba.com.br\/index.php\/wp-json\/wp\/v2\/tags?post=134933"}],"curies":[{"name":"wp","href":"https:\/\/api.w.org\/{rel}","templated":true}]}}