{"id":134926,"date":"2025-04-26T12:01:58","date_gmt":"2025-04-26T15:01:58","guid":{"rendered":"https:\/\/onordeste.com.br\/?p=134926"},"modified":"2025-04-26T12:01:58","modified_gmt":"2025-04-26T15:01:58","slug":"programa-empreender-pb-abre-quarto-ciclo-de-inscricoes-para-28-cidades","status":"publish","type":"post","link":"https:\/\/iparaiba.com.br\/index.php\/2025\/04\/26\/programa-empreender-pb-abre-quarto-ciclo-de-inscricoes-para-28-cidades\/","title":{"rendered":"Programa Empreender PB abre quarto ciclo de inscri\u00e7\u00f5es para 28 cidades"},"content":{"rendered":"<p>O Governo da Para\u00edba, por meio do Programa Empreender PB, d\u00e1 in\u00edcio a mais um ciclo de inscri\u00e7\u00f5es para concess\u00e3o de cr\u00e9dito orientado para 28 cidades de sete regi\u00f5es do estado. O processo come\u00e7a, nesta quarta-feira (23), a partir das 8h, de forma exclusivamente on-line. Ao todo, ser\u00e3o destinadas 840 vagas, com investimentos na ordem de R$ 6,720 milh\u00f5es.<\/p>\n<p>Cada munic\u00edpio abrir\u00e1 30 vagas, que ir\u00e3o contemplar as seguintes linhas de cr\u00e9dito: Empreender Pessoa F\u00edsica, Empreender Juventudes, Empreender Profissional Liberal e Empreender Profissional Liberal Juventudes.<\/p>\n<p>O objetivo do Programa Empreender PB \u00e9 incentivar o empreendedorismo, gerar empregos e renda para os paraibanos, al\u00e9m de desenvolver o potencial econ\u00f4mico de cada regi\u00e3o do estado. No primeiro trimestre de 2025, o Programa Empreender-PB j\u00e1 realizou abertura de 2.550 vagas para concess\u00e3o de cr\u00e9dito, em 85 cidades da Para\u00edba.<\/p>\n<p>No ano de 2024, o programa assinou um total de 4.131 contratos de concess\u00e3o de cr\u00e9dito, o que representou um investimento de R$ 35.847.355,44 destinado a empreendedores das 14 regi\u00f5es do estado, contemplando 89,24% dos munic\u00edpios paraibanos.<\/p>\n<p>Acompanhe as regi\u00f5es e munic\u00edpios que ir\u00e3o abrir inscri\u00e7\u00f5es:<\/p>\n<p><b>6\u00aa Regi\u00e3o:<\/b><\/p>\n<p>Cacimba de Areia, Teixeira, Passagem, S\u00e3o Jos\u00e9 de Sabugi, Patos, Salgadinho e Catingueira<\/p>\n<p><b>7\u00aa Regi\u00e3o:<\/b><\/p>\n<p>Coremas, Boa Ventura, Aguiar, Itaporanga, Concei\u00e7\u00e3o e Diamante<\/p>\n<p><b>8\u00aa Regi\u00e3o:<\/b><\/p>\n<p>Riacho dos Cavalos, Bom Sucesso e Brejo do Cruz<\/p>\n<p><b>9\u00aa Regi\u00e3o:<\/b><\/p>\n<p>Po\u00e7o de Jos\u00e9 de Moura, Cajazeiras, S\u00e3o Jo\u00e3o do Rio do Peixe, Joca Claudino e Carrapateira<\/p>\n<p><b>10\u00aa Regi\u00e3o:<\/b><\/p>\n<p>Vieir\u00f3polis e Sousa<\/p>\n<p><b>11\u00aa Regi\u00e3o:<\/b><\/p>\n<p>Princesa Isabel e Juru<\/p>\n<p><b>13\u00aa Regi\u00e3o:<\/b><\/p>\n<p>Pombal, Cajazeirinhas e Aparecida<\/p>\n<p><b>\u00a0<\/b><\/p>\n","protected":false},"excerpt":{"rendered":"<p>O Governo da Para\u00edba, por meio do Programa Empreender PB, d\u00e1 in\u00edcio a mais um ciclo de inscri\u00e7\u00f5es para concess\u00e3o de cr\u00e9dito orientado para 28 cidades de sete regi\u00f5es do estado. O processo come\u00e7a, nesta quarta-feira (23), a partir das 8h, de forma exclusivamente on-line. Ao todo, ser\u00e3o destinadas 840 vagas, com investimentos na ordem &hellip;<\/p>\n","protected":false},"author":1,"featured_media":116544,"comment_status":"open","ping_status":"open","sticky":false,"template":"","format":"standard","meta":{"footnotes":""},"categories":[7],"tags":[],"class_list":["post-134926","post","type-post","status-publish","format-standard","has-post-thumbnail","hentry","category-diversas"],"_links":{"self":[{"href":"https:\/\/iparaiba.com.br\/index.php\/wp-json\/wp\/v2\/posts\/134926","targetHints":{"allow":["GET"]}}],"collection":[{"href":"https:\/\/iparaiba.com.br\/index.php\/wp-json\/wp\/v2\/posts"}],"about":[{"href":"https:\/\/iparaiba.com.br\/index.php\/wp-json\/wp\/v2\/types\/post"}],"author":[{"embeddable":true,"href":"https:\/\/iparaiba.com.br\/index.php\/wp-json\/wp\/v2\/users\/1"}],"replies":[{"embeddable":true,"href":"https:\/\/iparaiba.com.br\/index.php\/wp-json\/wp\/v2\/comments?post=134926"}],"version-history":[{"count":1,"href":"https:\/\/iparaiba.com.br\/index.php\/wp-json\/wp\/v2\/posts\/134926\/revisions"}],"predecessor-version":[{"id":134952,"href":"https:\/\/iparaiba.com.br\/index.php\/wp-json\/wp\/v2\/posts\/134926\/revisions\/134952"}],"wp:featuredmedia":[{"embeddable":true,"href":"https:\/\/iparaiba.com.br\/index.php\/wp-json\/wp\/v2\/media\/116544"}],"wp:attachment":[{"href":"https:\/\/iparaiba.com.br\/index.php\/wp-json\/wp\/v2\/media?parent=134926"}],"wp:term":[{"taxonomy":"category","embeddable":true,"href":"https:\/\/iparaiba.com.br\/index.php\/wp-json\/wp\/v2\/categories?post=134926"},{"taxonomy":"post_tag","embeddable":true,"href":"https:\/\/iparaiba.com.br\/index.php\/wp-json\/wp\/v2\/tags?post=134926"}],"curies":[{"name":"wp","href":"https:\/\/api.w.org\/{rel}","templated":true}]}}