{"id":134922,"date":"2025-04-26T08:00:18","date_gmt":"2025-04-26T11:00:18","guid":{"rendered":"https:\/\/onordeste.com.br\/?p=134922"},"modified":"2025-04-26T08:00:18","modified_gmt":"2025-04-26T11:00:18","slug":"mais-medicos-407-profissionais-comecam-a-atuar-em-22-estados","status":"publish","type":"post","link":"https:\/\/iparaiba.com.br\/index.php\/2025\/04\/26\/mais-medicos-407-profissionais-comecam-a-atuar-em-22-estados\/","title":{"rendered":"Mais M\u00e9dicos: 407 profissionais come\u00e7am a atuar em 22 estados"},"content":{"rendered":"<p class=\"\">Mais um grupo de m\u00e9dicos que concluiu o M\u00f3dulo de Acolhimento e Avalia\u00e7\u00e3o (MAAv) do Programa\u00a0<a class=\"external-link\" title=\"\" href=\"https:\/\/www.gov.br\/saude\/pt-br\/composicao\/saps\/mais-medicos\" target=\"_blank\" rel=\"noopener\" data-tippreview-enabled=\"false\" data-tippreview-image=\"\" data-tippreview-title=\"\">Mais M\u00e9dicos\u00a0<\/a>come\u00e7a a chegar a diversas cidades brasileiras. A partir desta semana, 407 profissionais formados no exterior, que finalizaram o MAAv na \u00faltima sexta-feira (11\/4), desembarcam em 180 munic\u00edpios e 15\u00a0<a class=\"external-link\" title=\"\" href=\"https:\/\/www.gov.br\/saude\/pt-br\/composicao\/sesai\/estrutura\/dsei\" target=\"_blank\" rel=\"noopener\" data-tippreview-enabled=\"false\" data-tippreview-image=\"\" data-tippreview-title=\"\">Distritos Sanit\u00e1rios Especiais Ind\u00edgenas (DSEIs)<\/a>, distribu\u00eddos por 22 estados.<\/p>\n<p class=\"\">Com a chegada desses m\u00e9dicos, o Minist\u00e9rio da Sa\u00fade espera impactos positivos nas comunidades atendidas, como a amplia\u00e7\u00e3o do acesso aos servi\u00e7os de sa\u00fade na aten\u00e7\u00e3o prim\u00e1ria, a redu\u00e7\u00e3o do tempo de espera por atendimento com a utiliza\u00e7\u00e3o do prontu\u00e1rio eletr\u00f4nico do\u00a0<a class=\"external-link\" title=\"\" href=\"https:\/\/www.gov.br\/saude\/pt-br\/sus\" target=\"_blank\" rel=\"noopener\" data-tippreview-enabled=\"false\" data-tippreview-image=\"\" data-tippreview-title=\"\">SUS\u00a0<\/a>(\u00a0<a class=\"external-link\" title=\"\" href=\"https:\/\/sisaps.saude.gov.br\/sistemas\/esusaps\/\" target=\"_blank\" rel=\"noopener\" data-tippreview-enabled=\"false\" data-tippreview-image=\"\" data-tippreview-title=\"\">e-SUS APS\u00a0<\/a>), al\u00e9m de avan\u00e7os significativos na sa\u00fade ind\u00edgena. Um exemplo concreto \u00e9 a diminui\u00e7\u00e3o das remo\u00e7\u00f5es de pacientes no territ\u00f3rio\u00a0<a class=\"external-link\" title=\"\" href=\"https:\/\/www.gov.br\/saude\/pt-br\/assuntos\/missao-yanomami\" target=\"_blank\" rel=\"noopener\" data-tippreview-enabled=\"false\" data-tippreview-image=\"\" data-tippreview-title=\"\">Yanomami\u00a0<\/a>.<\/p>\n<p class=\"\">Antes de iniciarem suas atividades, os m\u00e9dicos passaram por um treinamento espec\u00edfico para atuar em situa\u00e7\u00f5es de urg\u00eancia, emerg\u00eancia e no enfrentamento de doen\u00e7as prevalentes nas regi\u00f5es de atua\u00e7\u00e3o, a exemplo da mal\u00e1ria.<\/p>\n<p class=\"\">O secret\u00e1rio de Gest\u00e3o do\u00a0<a class=\"external-link\" title=\"\" href=\"https:\/\/www.gov.br\/saude\/pt-br\/composicao\/sgtes\" target=\"_blank\" rel=\"noopener\" data-tippreview-enabled=\"false\" data-tippreview-image=\"\" data-tippreview-title=\"\">Trabalho e da Educa\u00e7\u00e3o na Sa\u00fade (SGTES)<\/a>, Felipe Proen\u00e7o, destaca a import\u00e2ncia do programa Mais M\u00e9dicos para o Sistema \u00danico de Sa\u00fade (SUS) e para a popula\u00e7\u00e3o brasileira. \u201cHoje, 12 anos ap\u00f3s a cria\u00e7\u00e3o do programa, \u00e9 poss\u00edvel ver como ele contribuiu para a redu\u00e7\u00e3o da mortalidade infantil e para a melhoria do acesso \u00e0 sa\u00fade, que \u00e9 justamente o papel da aten\u00e7\u00e3o prim\u00e1ria: atender pessoas com problemas de sa\u00fade que poderiam se agravar e demandar hospitaliza\u00e7\u00e3o. O programa evita essas hospitaliza\u00e7\u00f5es e cuida das pessoas perto de suas fam\u00edlias, junto de suas comunidades\u201d, pontua.<\/p>\n<p class=\"\">Com o objetivo de assegurar a efic\u00e1cia do programa e a qualidade do atendimento prestado \u00e0 popula\u00e7\u00e3o, o minist\u00e9rio pasta acompanha de perto o desempenho dos profissionais. Um dos principais instrumentos de monitoramento \u00e9 o e-SUS APS, que permite registrar e acompanhar o hist\u00f3rico dos pacientes, facilitando a integra\u00e7\u00e3o entre a aten\u00e7\u00e3o prim\u00e1ria e os demais n\u00edveis de cuidado.<\/p>\n","protected":false},"excerpt":{"rendered":"<p>Mais um grupo de m\u00e9dicos que concluiu o M\u00f3dulo de Acolhimento e Avalia\u00e7\u00e3o (MAAv) do Programa\u00a0Mais M\u00e9dicos\u00a0come\u00e7a a chegar a diversas cidades brasileiras. A partir desta semana, 407 profissionais formados no exterior, que finalizaram o MAAv na \u00faltima sexta-feira (11\/4), desembarcam em 180 munic\u00edpios e 15\u00a0Distritos Sanit\u00e1rios Especiais Ind\u00edgenas (DSEIs), distribu\u00eddos por 22 estados. Com &hellip;<\/p>\n","protected":false},"author":1,"featured_media":109412,"comment_status":"open","ping_status":"open","sticky":false,"template":"","format":"standard","meta":{"footnotes":""},"categories":[2],"tags":[],"class_list":["post-134922","post","type-post","status-publish","format-standard","has-post-thumbnail","hentry","category-saude"],"_links":{"self":[{"href":"https:\/\/iparaiba.com.br\/index.php\/wp-json\/wp\/v2\/posts\/134922","targetHints":{"allow":["GET"]}}],"collection":[{"href":"https:\/\/iparaiba.com.br\/index.php\/wp-json\/wp\/v2\/posts"}],"about":[{"href":"https:\/\/iparaiba.com.br\/index.php\/wp-json\/wp\/v2\/types\/post"}],"author":[{"embeddable":true,"href":"https:\/\/iparaiba.com.br\/index.php\/wp-json\/wp\/v2\/users\/1"}],"replies":[{"embeddable":true,"href":"https:\/\/iparaiba.com.br\/index.php\/wp-json\/wp\/v2\/comments?post=134922"}],"version-history":[{"count":1,"href":"https:\/\/iparaiba.com.br\/index.php\/wp-json\/wp\/v2\/posts\/134922\/revisions"}],"predecessor-version":[{"id":134950,"href":"https:\/\/iparaiba.com.br\/index.php\/wp-json\/wp\/v2\/posts\/134922\/revisions\/134950"}],"wp:featuredmedia":[{"embeddable":true,"href":"https:\/\/iparaiba.com.br\/index.php\/wp-json\/wp\/v2\/media\/109412"}],"wp:attachment":[{"href":"https:\/\/iparaiba.com.br\/index.php\/wp-json\/wp\/v2\/media?parent=134922"}],"wp:term":[{"taxonomy":"category","embeddable":true,"href":"https:\/\/iparaiba.com.br\/index.php\/wp-json\/wp\/v2\/categories?post=134922"},{"taxonomy":"post_tag","embeddable":true,"href":"https:\/\/iparaiba.com.br\/index.php\/wp-json\/wp\/v2\/tags?post=134922"}],"curies":[{"name":"wp","href":"https:\/\/api.w.org\/{rel}","templated":true}]}}