{"id":134921,"date":"2025-04-26T06:00:00","date_gmt":"2025-04-26T09:00:00","guid":{"rendered":"https:\/\/onordeste.com.br\/?p=134920"},"modified":"2025-04-26T06:00:00","modified_gmt":"2025-04-26T09:00:00","slug":"iniciado-o-pagamento-de-beneficios-do-inss","status":"publish","type":"post","link":"https:\/\/iparaiba.com.br\/index.php\/2025\/04\/26\/iniciado-o-pagamento-de-beneficios-do-inss\/","title":{"rendered":"Iniciado o pagamento de benef\u00edcios do INSS"},"content":{"rendered":"<div class=\"texto-conteudo\">\n<div id=\"content-core\">\n<div id=\"parent-fieldname-text\">\n<p>Nesta quinta-feira (24), iniciam os pagamentos dos mais de 40,6 milh\u00f5es de benef\u00edcios aos aposentados, pensionistas e titulares de aux\u00edlios do Instituto Nacional do Seguro Social (INSS).\u00a0O cidad\u00e3o pode verificar a data de pagamentos pelo n\u00famero final do cart\u00e3o de benef\u00edcio, sem considerar o \u00faltimo d\u00edgito verificador, que aparece depois do tra\u00e7o. Por exemplo, se o n\u00famero do benef\u00edcio for 1610-3, o d\u00edgito final a ser considerado \u00e9 o 0.<\/p>\n<p>Os benefici\u00e1rios que recebem at\u00e9 um sal\u00e1rio-m\u00ednimo e com o d\u00edgito final de 1 a 5, v\u00e3o receber os pagamentos nos \u00faltimos 5 dias \u00fateis de mar\u00e7o. J\u00e1 os segurados de d\u00edgito final de 6 ao 9 e os com final 0, recebem os pagamentos junto aos que recebem benef\u00edcios acima do sal\u00e1rio m\u00ednimo, nos primeiros 5 dias \u00fateis de abril.<\/p>\n<p><strong>Quem ganha at\u00e9 um sal\u00e1rio-m\u00ednimo:<\/strong><\/p>\n<p>Final do benef\u00edcio \/ Dia do cr\u00e9dito<\/p>\n<p>1\u00a0 \u00a0 \u00a0&#8230;&#8230;&#8230;&#8230;&#8230;&#8230;&#8230;&#8230;\u00a0 \u00a0 \u00a0 \u00a024\/mar<\/p>\n<p>2\u00a0 \u00a0 \u00a0&#8230;&#8230;&#8230;&#8230;&#8230;&#8230;&#8230;&#8230;\u00a0 \u00a0 \u00a0 25\/mar<\/p>\n<p>3\u00a0 \u00a0 \u00a0 &#8230;&#8230;&#8230;&#8230;&#8230;&#8230;&#8230;..\u00a0 \u00a0 \u00a0 28\/mar<\/p>\n<p>4\u00a0 \u00a0 \u00a0 &#8230;&#8230;&#8230;&#8230;&#8230;&#8230;&#8230;..\u00a0 \u00a0 \u00a0 29\/mar<\/p>\n<p>5\u00a0 \u00a0 \u00a0 &#8230;&#8230;&#8230;&#8230;&#8230;&#8230;&#8230;..\u00a0 \u00a0 \u00a0 30\/mar<\/p>\n<p>6\u00a0 \u00a0 \u00a0 \u00a0&#8230;&#8230;&#8230;&#8230;&#8230;&#8230;&#8230;..\u00a0 \u00a0 \u00a02\/mai<\/p>\n<p>7\u00a0 \u00a0 \u00a0 \u00a0&#8230;&#8230;&#8230;&#8230;&#8230;&#8230;&#8230;..\u00a0 \u00a0 \u00a05\/mai<\/p>\n<p>8\u00a0 \u00a0 \u00a0 \u00a0&#8230;&#8230;&#8230;&#8230;&#8230;&#8230;&#8230;&#8230;\u00a0 \u00a0 6\/mai<\/p>\n<p>9\u00a0 \u00a0 \u00a0 &#8230;&#8230;&#8230;&#8230;&#8230;&#8230;&#8230;&#8230;\u00a0 \u00a0 \u00a07\/mai<\/p>\n<p>0\u00a0 \u00a0 \u00a0 &#8230;&#8230;&#8230;&#8230;&#8230;&#8230;&#8230;&#8230;\u00a0 \u00a0 \u00a08\/mai<\/p>\n<p>&nbsp;<\/p>\n<h4><strong>Quem ganha acima do piso nacional<\/strong><\/h4>\n<p>&nbsp;<\/p>\n<p>Final do benef\u00edcio \/ Dia do cr\u00e9dito<\/p>\n<p>1 e 6\u00a0 \u00a0 &#8230;&#8230;&#8230;&#8230;&#8230;\u00a0 \u00a0 \u00a02\/mai<\/p>\n<p>2 e 7\u00a0 \u00a0 \u00a0&#8230;&#8230;&#8230;&#8230;..\u00a0 \u00a0 \u00a05\/mai<\/p>\n<p>3 e 8\u00a0 \u00a0 \u00a0&#8230;&#8230;&#8230;&#8230;&#8230;\u00a0 \u00a0 6\/mai<\/p>\n<p>4 e 9\u00a0 \u00a0 \u00a0&#8230;&#8230;&#8230;&#8230;&#8230;\u00a0 \u00a0 7\/mai<\/p>\n<p>5 e 0\u00a0 \u00a0 &#8230;&#8230;&#8230;&#8230;&#8230;\u00a0 \u00a0 \u00a08\/mai<\/p>\n<p>O calend\u00e1rio de pagamentos completo 2025 do INSS pode ser acompanhado neste link: Calend\u00e1rio 2025.<\/p>\n<p>\u00c9 poss\u00edvel consultar o n\u00famero do cart\u00e3o do benef\u00edcio no site e aplicativo Meu INSS, pelo servi\u00e7o \u201cextrato de pagamento\u201d. Assim como pela central 135, que funciona de segunda \u00e0 s\u00e1bado, das 7h \u00e0s 22h.<\/p>\n<\/div>\n<\/div>\n<div id=\"formfield-form-widgets-categoria\" class=\"field z3cformInlineValidation\"><a class=\"materia-original\" href=\"https:\/\/www.gov.br\/inss\/pt-br\/noticias\/noticias\/comecam-nesta-quinta-feira-24-os-pagamentos-de-beneficios-e-auxilios\" target=\"_blank\" rel=\"noopener\">Link: https:\/\/www.gov.br\/inss\/pt-br\/noticias\/noticias\/comecam-nesta-quinta-feira-24-os-pagamentos-de-beneficios-e-auxilios<\/a><\/div>\n<\/div>\n","protected":false},"excerpt":{"rendered":"<p>Nesta quinta-feira (24), iniciam os pagamentos dos mais de 40,6 milh\u00f5es de benef\u00edcios aos aposentados, pensionistas e titulares de aux\u00edlios do Instituto Nacional do Seguro Social (INSS).\u00a0O cidad\u00e3o pode verificar a data de pagamentos pelo n\u00famero final do cart\u00e3o de benef\u00edcio, sem considerar o \u00faltimo d\u00edgito verificador, que aparece depois do tra\u00e7o. Por exemplo, se &hellip;<\/p>\n","protected":false},"author":1,"featured_media":98987,"comment_status":"open","ping_status":"open","sticky":false,"template":"","format":"standard","meta":{"footnotes":""},"categories":[6],"tags":[],"class_list":["post-134921","post","type-post","status-publish","format-standard","has-post-thumbnail","hentry","category-destaques"],"_links":{"self":[{"href":"https:\/\/iparaiba.com.br\/index.php\/wp-json\/wp\/v2\/posts\/134921","targetHints":{"allow":["GET"]}}],"collection":[{"href":"https:\/\/iparaiba.com.br\/index.php\/wp-json\/wp\/v2\/posts"}],"about":[{"href":"https:\/\/iparaiba.com.br\/index.php\/wp-json\/wp\/v2\/types\/post"}],"author":[{"embeddable":true,"href":"https:\/\/iparaiba.com.br\/index.php\/wp-json\/wp\/v2\/users\/1"}],"replies":[{"embeddable":true,"href":"https:\/\/iparaiba.com.br\/index.php\/wp-json\/wp\/v2\/comments?post=134921"}],"version-history":[{"count":1,"href":"https:\/\/iparaiba.com.br\/index.php\/wp-json\/wp\/v2\/posts\/134921\/revisions"}],"predecessor-version":[{"id":134949,"href":"https:\/\/iparaiba.com.br\/index.php\/wp-json\/wp\/v2\/posts\/134921\/revisions\/134949"}],"wp:featuredmedia":[{"embeddable":true,"href":"https:\/\/iparaiba.com.br\/index.php\/wp-json\/wp\/v2\/media\/98987"}],"wp:attachment":[{"href":"https:\/\/iparaiba.com.br\/index.php\/wp-json\/wp\/v2\/media?parent=134921"}],"wp:term":[{"taxonomy":"category","embeddable":true,"href":"https:\/\/iparaiba.com.br\/index.php\/wp-json\/wp\/v2\/categories?post=134921"},{"taxonomy":"post_tag","embeddable":true,"href":"https:\/\/iparaiba.com.br\/index.php\/wp-json\/wp\/v2\/tags?post=134921"}],"curies":[{"name":"wp","href":"https:\/\/api.w.org\/{rel}","templated":true}]}}