{"id":134920,"date":"2025-04-25T18:54:22","date_gmt":"2025-04-25T21:54:22","guid":{"rendered":"https:\/\/onordeste.com.br\/?p=134918"},"modified":"2025-04-25T18:54:22","modified_gmt":"2025-04-25T21:54:22","slug":"vereadores-destacam-importancia-da-doacao-de-orgaos","status":"publish","type":"post","link":"https:\/\/iparaiba.com.br\/index.php\/2025\/04\/25\/vereadores-destacam-importancia-da-doacao-de-orgaos\/","title":{"rendered":"Vereadores destacam import\u00e2ncia da doa\u00e7\u00e3o de \u00f3rg\u00e3os"},"content":{"rendered":"<p>Em sess\u00e3o presidida pelo vereador Dinho Papa-L\u00e9guas (PSDB) e secretariada pelo vereador Saulo Noronha (MDB) na C\u00e2mara Municipal de Campina Grande foram discutidos\u00a0 temas importantes como: sa\u00fade p\u00fablica, espiritualidade, solidariedade e direitos das mulheres.<\/p>\n<p>A doa\u00e7\u00e3o de \u00f3rg\u00e3os \u00e9 um ato de extrema import\u00e2ncia, que salva vidas e oferece uma segunda chance para pessoas que enfrentam doen\u00e7as graves e que dependem de um transplante para sobreviver. Al\u00e9m de ser um gesto de solidariedade e compaix\u00e3o, a doa\u00e7\u00e3o contribui significativamente para reduzir a lista de esperan\u00e7as dos \u00f3rg\u00e3os, um problema crescente em muitos pa\u00edses. Ao decidir fazer, a fam\u00edlia de um indiv\u00edduo n\u00e3o s\u00f3 honra sua mem\u00f3ria, mas tamb\u00e9m oferece esperan\u00e7a a diversas pessoas, impactando positivamente a sa\u00fade e o bem-estar de muitas fam\u00edlias. A conscientiza\u00e7\u00e3o sobre a doa\u00e7\u00e3o de \u00f3rg\u00e3os \u00e9 fundamental para criar mais pessoas a se tornarem doadoras, pois cada ato de doa\u00e7\u00e3o tem o poder de transformar vidas e salvar v\u00e1rias outras.<\/p>\n<p><strong>Pequeno Expediente<\/strong><\/p>\n<p>O vereador Rostand Para\u00edba (PP) subiu \u00e0 tribuna para prestar suas condol\u00eancias aos familiares do jovem Pedro Henrique N\u00f3brega Arruda, 19 anos, que faleceu em decorr\u00eancia de um tr\u00e1gico acidente de moto.<\/p>\n<p>O vereador Rafaf\u00e1 (Uni\u00e3o Brasil) tamb\u00e9m expressou suas condol\u00eancias aos familiares do jovem Pedro Henrique. O parlamentar destacou que viveu uma experi\u00eancia semelhante em 2015, quando perdeu seu pr\u00f3prio irm\u00e3o v\u00edtima de um acidente de moto, e destacou o quanto \u00e9 doloroso perder um ente querido de forma t\u00e3o abrupta. Rafaf\u00e1 elogiou a decis\u00e3o da fam\u00edlia de Pedro Henrique, que, mesmo em um momento de dor, foi solid\u00e1ria em doar os \u00f3rg\u00e3os do filho, salvando a vida de seis pessoas. Ele destacou a import\u00e2ncia da doa\u00e7\u00e3o de \u00f3rg\u00e3os.<\/p>\n<p>A vereadora J\u00f4 Oliveira (PCdoB) fez uso da tribuna para agradecer aos colegas vereadores e a todos que participaram da Audi\u00eancia P\u00fablica realizada na noite de ontem (8). O tema da audi\u00eancia foi o Dia Internacional de Luta pela Sa\u00fade da Mulher e o Dia Nacional de Redu\u00e7\u00e3o de Mortalidade Materna. A vereadora destacou a import\u00e2ncia dos avan\u00e7os em pol\u00edticas p\u00fablicas para as mulheres e destacou que, por decorr\u00eancia do debate, recebeu 17 encaminhamentos e que seu gabinete ir\u00e1 fazer um relat\u00f3rio que ser\u00e1 enviado \u00e0 Mesa Diretora da Casa Legislativa, como tamb\u00e9m para diversas entidades que participaram no evento, como Defensoria P\u00fablica e Conselho Regional de Medicina.<\/p>\n<p>J\u00f4 Oliveira pediu aos vereadores que unam for\u00e7as discutissem e aprovassem propostas e projetos relacionados a esses temas. \u201cA gente precisa, enquanto casa, enquanto vereadores, tomar posi\u00e7\u00e3o para evitar que outras fam\u00edlias possam estar na condi\u00e7\u00e3o de muitas que estiveram aqui ontem\u201d, afirmou a vereadora.<\/p>\n<p>CMCG<\/p>\n","protected":false},"excerpt":{"rendered":"<p>Em sess\u00e3o presidida pelo vereador Dinho Papa-L\u00e9guas (PSDB) e secretariada pelo vereador Saulo Noronha (MDB) na C\u00e2mara Municipal de Campina Grande foram discutidos\u00a0 temas importantes como: sa\u00fade p\u00fablica, espiritualidade, solidariedade e direitos das mulheres. A doa\u00e7\u00e3o de \u00f3rg\u00e3os \u00e9 um ato de extrema import\u00e2ncia, que salva vidas e oferece uma segunda chance para pessoas que &hellip;<\/p>\n","protected":false},"author":1,"featured_media":106430,"comment_status":"open","ping_status":"open","sticky":false,"template":"","format":"standard","meta":{"footnotes":""},"categories":[8],"tags":[],"class_list":["post-134920","post","type-post","status-publish","format-standard","has-post-thumbnail","hentry","category-politica"],"_links":{"self":[{"href":"https:\/\/iparaiba.com.br\/index.php\/wp-json\/wp\/v2\/posts\/134920","targetHints":{"allow":["GET"]}}],"collection":[{"href":"https:\/\/iparaiba.com.br\/index.php\/wp-json\/wp\/v2\/posts"}],"about":[{"href":"https:\/\/iparaiba.com.br\/index.php\/wp-json\/wp\/v2\/types\/post"}],"author":[{"embeddable":true,"href":"https:\/\/iparaiba.com.br\/index.php\/wp-json\/wp\/v2\/users\/1"}],"replies":[{"embeddable":true,"href":"https:\/\/iparaiba.com.br\/index.php\/wp-json\/wp\/v2\/comments?post=134920"}],"version-history":[{"count":1,"href":"https:\/\/iparaiba.com.br\/index.php\/wp-json\/wp\/v2\/posts\/134920\/revisions"}],"predecessor-version":[{"id":134948,"href":"https:\/\/iparaiba.com.br\/index.php\/wp-json\/wp\/v2\/posts\/134920\/revisions\/134948"}],"wp:featuredmedia":[{"embeddable":true,"href":"https:\/\/iparaiba.com.br\/index.php\/wp-json\/wp\/v2\/media\/106430"}],"wp:attachment":[{"href":"https:\/\/iparaiba.com.br\/index.php\/wp-json\/wp\/v2\/media?parent=134920"}],"wp:term":[{"taxonomy":"category","embeddable":true,"href":"https:\/\/iparaiba.com.br\/index.php\/wp-json\/wp\/v2\/categories?post=134920"},{"taxonomy":"post_tag","embeddable":true,"href":"https:\/\/iparaiba.com.br\/index.php\/wp-json\/wp\/v2\/tags?post=134920"}],"curies":[{"name":"wp","href":"https:\/\/api.w.org\/{rel}","templated":true}]}}