{"id":134918,"date":"2025-04-25T14:00:15","date_gmt":"2025-04-25T17:00:15","guid":{"rendered":"https:\/\/onordeste.com.br\/?p=134913"},"modified":"2025-04-25T14:00:15","modified_gmt":"2025-04-25T17:00:15","slug":"oab-lanca-anuario-com-foco-em-direito-digital-protecao-de-dados-e-inteligencia-artificial","status":"publish","type":"post","link":"https:\/\/iparaiba.com.br\/index.php\/2025\/04\/25\/oab-lanca-anuario-com-foco-em-direito-digital-protecao-de-dados-e-inteligencia-artificial\/","title":{"rendered":"OAB lan\u00e7a anu\u00e1rio com foco em Direito Digital, prote\u00e7\u00e3o de dados e intelig\u00eancia artificial"},"content":{"rendered":"<p>As Comiss\u00f5es Especiais de Prote\u00e7\u00e3o de Dados, Direito Digital e Intelig\u00eancia Artificial do Conselho Federal da OAB lan\u00e7aram, nesta segunda-feira (7\/4), o livro Direito Digital, Prote\u00e7\u00e3o de Dados e Intelig\u00eancia Artificial \u2014 Anu\u00e1rio 2024. Entre os organizadores, est\u00e1 o presidente da Comiss\u00e3o de Prote\u00e7\u00e3o de Dados da OAB e conselheiro do Conselho Nacional de Justi\u00e7a (CNJ), Rodrigo Badar\u00f3.<\/p>\n<p>\u201cEstamos entregando este trabalho como um est\u00edmulo para o estudo de algo t\u00e3o importante, que \u00e9 a aplica\u00e7\u00e3o da tecnologia na Justi\u00e7a e no Direito\u201d, afirmou Badar\u00f3, ao destacar o papel da advocacia no acompanhamento das transforma\u00e7\u00f5es tecnol\u00f3gicas e seus reflexos no exerc\u00edcio profissional.<\/p>\n<p>A presidente da Comiss\u00e3o Especial de Direito Digital, Laura Schertel Ferreira Mendes, ressaltou que o t\u00edtulo \u00e9 fundamental para advogados que j\u00e1 trabalham com o Direito Digital ou para aqueles que pretendem ingressar na \u00e1rea. \u201c\u00c9 uma \u00e1rea que est\u00e1 ganhando cada vez mais import\u00e2ncia, especialmente para a Jovem Advocacia, que enfrenta desafios para escolher qual ramo seguir\u201d, explicou.<\/p>\n<p>Tamb\u00e9m presente no lan\u00e7amento, o vice-presidente da Comiss\u00e3o Especial de Direito Digital, Fabr\u00edcio da Mota Alves, observou que a advocacia \u00e9 vanguardista na discuss\u00e3o sobre \u00e9tica e governan\u00e7a de novas tecnologias. Ele destacou, ainda, o seu papel para a aprova\u00e7\u00e3o do PL 2338\/2023, que disp\u00f5e sobre o desenvolvimento, o fomento e o uso \u00e9tico e respons\u00e1vel da intelig\u00eancia artificial, no Senado Federal.<\/p>\n<p>\u201cA OAB tem uma capacidade impressionante de perceber a necessidade de se promover os debates mais relevantes e estar na vanguarda desses debates. Fomos membros da comiss\u00e3o de juristas que elaborou a minuta do marco legal de intelig\u00eancia artificial. Se um dia tivermos uma lei brasileira de intelig\u00eancia artificial, a advocacia contribuiu para isso. O que \u00e9, na verdade, um legado para novas gera\u00e7\u00f5es e futuras gera\u00e7\u00f5es\u201d, ponderou o vice-presidente.<\/p>\n","protected":false},"excerpt":{"rendered":"<p>As Comiss\u00f5es Especiais de Prote\u00e7\u00e3o de Dados, Direito Digital e Intelig\u00eancia Artificial do Conselho Federal da OAB lan\u00e7aram, nesta segunda-feira (7\/4), o livro Direito Digital, Prote\u00e7\u00e3o de Dados e Intelig\u00eancia Artificial \u2014 Anu\u00e1rio 2024. Entre os organizadores, est\u00e1 o presidente da Comiss\u00e3o de Prote\u00e7\u00e3o de Dados da OAB e conselheiro do Conselho Nacional de Justi\u00e7a &hellip;<\/p>\n","protected":false},"author":1,"featured_media":97720,"comment_status":"open","ping_status":"open","sticky":false,"template":"","format":"standard","meta":{"footnotes":""},"categories":[9],"tags":[],"class_list":["post-134918","post","type-post","status-publish","format-standard","has-post-thumbnail","hentry","category-justica"],"_links":{"self":[{"href":"https:\/\/iparaiba.com.br\/index.php\/wp-json\/wp\/v2\/posts\/134918","targetHints":{"allow":["GET"]}}],"collection":[{"href":"https:\/\/iparaiba.com.br\/index.php\/wp-json\/wp\/v2\/posts"}],"about":[{"href":"https:\/\/iparaiba.com.br\/index.php\/wp-json\/wp\/v2\/types\/post"}],"author":[{"embeddable":true,"href":"https:\/\/iparaiba.com.br\/index.php\/wp-json\/wp\/v2\/users\/1"}],"replies":[{"embeddable":true,"href":"https:\/\/iparaiba.com.br\/index.php\/wp-json\/wp\/v2\/comments?post=134918"}],"version-history":[{"count":1,"href":"https:\/\/iparaiba.com.br\/index.php\/wp-json\/wp\/v2\/posts\/134918\/revisions"}],"predecessor-version":[{"id":134946,"href":"https:\/\/iparaiba.com.br\/index.php\/wp-json\/wp\/v2\/posts\/134918\/revisions\/134946"}],"wp:featuredmedia":[{"embeddable":true,"href":"https:\/\/iparaiba.com.br\/index.php\/wp-json\/wp\/v2\/media\/97720"}],"wp:attachment":[{"href":"https:\/\/iparaiba.com.br\/index.php\/wp-json\/wp\/v2\/media?parent=134918"}],"wp:term":[{"taxonomy":"category","embeddable":true,"href":"https:\/\/iparaiba.com.br\/index.php\/wp-json\/wp\/v2\/categories?post=134918"},{"taxonomy":"post_tag","embeddable":true,"href":"https:\/\/iparaiba.com.br\/index.php\/wp-json\/wp\/v2\/tags?post=134918"}],"curies":[{"name":"wp","href":"https:\/\/api.w.org\/{rel}","templated":true}]}}