{"id":134917,"date":"2025-04-25T12:00:39","date_gmt":"2025-04-25T15:00:39","guid":{"rendered":"https:\/\/onordeste.com.br\/?p=134911"},"modified":"2025-04-25T12:00:39","modified_gmt":"2025-04-25T15:00:39","slug":"ccj-acata-politica-de-protecao-das-motogirls","status":"publish","type":"post","link":"https:\/\/iparaiba.com.br\/index.php\/2025\/04\/25\/ccj-acata-politica-de-protecao-das-motogirls\/","title":{"rendered":"CCJ acata pol\u00edtica de prote\u00e7\u00e3o das motogirls"},"content":{"rendered":"<p align=\"justify\">A Comiss\u00e3o de Constitui\u00e7\u00e3o, Justi\u00e7a, Reda\u00e7\u00e3o e Legisla\u00e7\u00e3o Participativa (CCJ) da C\u00e2mara Municipal de Jo\u00e3o Pessoa (CMJP) foi favor\u00e1vel \u00e0 pol\u00edtica de incentivo e prote\u00e7\u00e3o \u00e0s mulheres que trabalham como motogirl na Capital. <span lang=\"pt-BR\">Ao todo, o colegiado analisou 14 mat\u00e9rias, das quais nove tiveram pareceres favor\u00e1veis aprovados e cinco foram rejeitadas.<\/span><\/p>\n<p align=\"justify\">Entre as mat\u00e9rias de autoria dos vereadores que tiveram parecer favor\u00e1vel aprovado, destaca-se o PLO\u00a0<u><a href=\"https:\/\/sapl.joaopessoa.pb.leg.br\/materia\/pesquisar-materia?tipo=1&amp;ementa=&amp;numero=127&amp;numeracao__numero_materia=&amp;numero_protocolo=&amp;ano=2025&amp;autoria__autor=&amp;autoria__primeiro_autor=unknown&amp;autoria__auto\" target=\"_blank\" rel=\"noopener\" data-saferedirecturl=\"https:\/\/www.google.com\/url?q=https:\/\/sapl.joaopessoa.pb.leg.br\/materia\/pesquisar-materia?tipo%3D1%26ementa%3D%26numero%3D127%26numeracao__numero_materia%3D%26numero_protocolo%3D%26ano%3D2025%26autoria__autor%3D%26autoria__primeiro_autor%3Dunknown%26autoria__auto&amp;source=gmail&amp;ust=1745584459749000&amp;usg=AOvVaw29PJy_fcIJPP-UuH3rh8ow\">127\/2025<\/a><\/u>, de Marcos Henriques (PT), instituindo a pol\u00edtica de incentivo e prote\u00e7\u00e3o \u00e0s mulheres que trabalham como &#8216;motogirl&#8217; em Jo\u00e3o Pessoa, entendendo-se como &#8216;motogirl&#8217; a trabalhadora que realiza entregas e ou transporta passageiros, utilizando-se da motocicleta como modal. Caber\u00e1 \u00e0 Prefeitura a implanta\u00e7\u00e3o de pontos de apoio, distribu\u00eddos em, pelo menos, sete regi\u00f5es da cidade, para prote\u00e7\u00e3o exclusiva dessas trabalhadoras. Esses pontos dever\u00e3o ser dotados de seguran\u00e7a, al\u00e9m dos seguintes itens: banheiros limpos, contendo material de higiene; locais destinados ao descanso das trabalhadoras e \u00e0 realiza\u00e7\u00e3o de refei\u00e7\u00f5es; bebedouro com \u00e1gua pot\u00e1vel e gelada; e pontos de recarga para aparelhos de telefonia m\u00f3vel.<\/p>\n<p align=\"justify\">O PLO\u00a0<u><a href=\"https:\/\/sapl.joaopessoa.pb.leg.br\/materia\/pesquisar-materia?tipo=1&amp;ementa=&amp;numero=148&amp;numeracao__numero_materia=&amp;numero_protocolo=&amp;ano=2025&amp;autoria__autor=&amp;autoria__primeiro_autor=unknown&amp;autoria__autor__tipo=&amp;autoria__autor__parlamentar_set__filiacao__partido=&amp;o=&amp;tipo_listagem=1&amp;tipo_origem_externa=&amp;numero_origem_externa=&amp;ano_origem_externa=&amp;data_origem_externa_0=&amp;data_origem_externa_1=&amp;local_origem_externa=&amp;data_apresentacao_0=&amp;data_apresentacao_1=&amp;data_publicacao_0=&amp;data_publicacao_1=&amp;relatoria__parlamentar_id=&amp;em_tramitacao=&amp;tramitacao__unidade_tramitacao_destino=&amp;tramitacao__status=&amp;materiaassunto__assunto=&amp;indexacao=&amp;regime_tramitacao=&amp;salvar=Pesquisar\" target=\"_blank\" rel=\"noopener\" data-saferedirecturl=\"https:\/\/www.google.com\/url?q=https:\/\/sapl.joaopessoa.pb.leg.br\/materia\/pesquisar-materia?tipo%3D1%26ementa%3D%26numero%3D148%26numeracao__numero_materia%3D%26numero_protocolo%3D%26ano%3D2025%26autoria__autor%3D%26autoria__primeiro_autor%3Dunknown%26autoria__autor__tipo%3D%26autoria__autor__parlamentar_set__filiacao__partido%3D%26o%3D%26tipo_listagem%3D1%26tipo_origem_externa%3D%26numero_origem_externa%3D%26ano_origem_externa%3D%26data_origem_externa_0%3D%26data_origem_externa_1%3D%26local_origem_externa%3D%26data_apresentacao_0%3D%26data_apresentacao_1%3D%26data_publicacao_0%3D%26data_publicacao_1%3D%26relatoria__parlamentar_id%3D%26em_tramitacao%3D%26tramitacao__unidade_tramitacao_destino%3D%26tramitacao__status%3D%26materiaassunto__assunto%3D%26indexacao%3D%26regime_tramitacao%3D%26salvar%3DPesquisar&amp;source=gmail&amp;ust=1745584459749000&amp;usg=AOvVaw3Dx8OSrLYvaz-Ciuc4aLob\">148\/2025<\/a><\/u>, de Marcos Vin\u00edcius (PDT), que tamb\u00e9m teve parecer favor\u00e1vel aprovado, garante o direito a acompanhante \u00e0s pacientes submetidas \u00e0 mastectomia, durante o per\u00edodo p\u00f3s-operat\u00f3rio, nos estabelecimentos de atendimento \u00e0 sa\u00fade das redes p\u00fablica e privada de Jo\u00e3o Pessoa, estendendo-se o benef\u00edcio aos pacientes submetidos a cirurgias e procedimentos que impliquem restri\u00e7\u00f5es equivalentes \u00e0s da mastectomia, tais como: impossibilidade de alimenta\u00e7\u00e3o, troca de roupa ou locomo\u00e7\u00e3o, sem a ajuda de uma segunda pessoa, e outros de mesma equival\u00eancia. O estabelecimento de sa\u00fade dever\u00e1 proporcionar ao menos uma cadeira ao acompanhante.<\/p>\n<p align=\"justify\">Tamb\u00e9m foram acatados dois Projetos de Decreto Legislativo (PDL) concedendo o T\u00edtulo de Cidad\u00e3o Pessoense a personalidades pessoenses: o\u00a0<u><a href=\"https:\/\/sapl.joaopessoa.pb.leg.br\/materia\/pesquisar-materia?tipo=6&amp;ementa=&amp;numero=28&amp;numeracao__numero_materia=&amp;numero_protocolo=&amp;ano=2025&amp;autoria__autor=&amp;autoria__primeiro_autor=unknown&amp;autoria__autor__tipo=&amp;autoria__autor__parlamentar_set__filiacao__partido=&amp;o=&amp;tipo_listagem=1&amp;tipo_origem_externa=&amp;numero_origem_externa=&amp;ano_origem_externa=&amp;data_origem_externa_0=&amp;data_origem_externa_1=&amp;local_origem_externa=&amp;data_apresentacao_0=&amp;data_apresentacao_1=&amp;data_publicacao_0=&amp;data_publicacao_1=&amp;relatoria__parlamentar_id=&amp;em_tramitacao=&amp;tramitacao__unidade_tramitacao_destino=&amp;tramitacao__status=&amp;materiaassunto__assunto=&amp;indexacao=&amp;regime_tramitacao=&amp;salvar=Pesquisar\" target=\"_blank\" rel=\"noopener\" data-saferedirecturl=\"https:\/\/www.google.com\/url?q=https:\/\/sapl.joaopessoa.pb.leg.br\/materia\/pesquisar-materia?tipo%3D6%26ementa%3D%26numero%3D28%26numeracao__numero_materia%3D%26numero_protocolo%3D%26ano%3D2025%26autoria__autor%3D%26autoria__primeiro_autor%3Dunknown%26autoria__autor__tipo%3D%26autoria__autor__parlamentar_set__filiacao__partido%3D%26o%3D%26tipo_listagem%3D1%26tipo_origem_externa%3D%26numero_origem_externa%3D%26ano_origem_externa%3D%26data_origem_externa_0%3D%26data_origem_externa_1%3D%26local_origem_externa%3D%26data_apresentacao_0%3D%26data_apresentacao_1%3D%26data_publicacao_0%3D%26data_publicacao_1%3D%26relatoria__parlamentar_id%3D%26em_tramitacao%3D%26tramitacao__unidade_tramitacao_destino%3D%26tramitacao__status%3D%26materiaassunto__assunto%3D%26indexacao%3D%26regime_tramitacao%3D%26salvar%3DPesquisar&amp;source=gmail&amp;ust=1745584459749000&amp;usg=AOvVaw31Dzp6lpQnpwGwvmOs0R7C\">28\/2025<\/a><\/u>, de Raoni Mendes (DC), ao empres\u00e1rio Luiz Carlos Barreto de Queiroz; e o\u00a0<u><a href=\"https:\/\/sapl.joaopessoa.pb.leg.br\/materia\/pesquisar-materia?tipo=6&amp;ementa=&amp;numero=30&amp;numeracao__numero_materia=&amp;numero_protocolo=&amp;ano=2025&amp;autoria__autor=&amp;autoria__primeiro_autor=unknown&amp;autoria__autor__tipo=&amp;autoria__autor__parlamentar_set__filiacao__partido=&amp;o=&amp;tipo_listagem=1&amp;tipo_origem_externa=&amp;numero_origem_externa=&amp;ano_origem_externa=&amp;data_origem_externa_0=&amp;data_origem_externa_1=&amp;local_origem_externa=&amp;data_apresentacao_0=&amp;data_apresentacao_1=&amp;data_publicacao_0=&amp;data_publicacao_1=&amp;relatoria__parlamentar_id=&amp;em_tramitacao=&amp;tramitacao__unidade_tramitacao_destino=&amp;tramitacao__status=&amp;materiaassunto__assunto=&amp;indexacao=&amp;regime_tramitacao=&amp;salvar=Pesquisar\" target=\"_blank\" rel=\"noopener\" data-saferedirecturl=\"https:\/\/www.google.com\/url?q=https:\/\/sapl.joaopessoa.pb.leg.br\/materia\/pesquisar-materia?tipo%3D6%26ementa%3D%26numero%3D30%26numeracao__numero_materia%3D%26numero_protocolo%3D%26ano%3D2025%26autoria__autor%3D%26autoria__primeiro_autor%3Dunknown%26autoria__autor__tipo%3D%26autoria__autor__parlamentar_set__filiacao__partido%3D%26o%3D%26tipo_listagem%3D1%26tipo_origem_externa%3D%26numero_origem_externa%3D%26ano_origem_externa%3D%26data_origem_externa_0%3D%26data_origem_externa_1%3D%26local_origem_externa%3D%26data_apresentacao_0%3D%26data_apresentacao_1%3D%26data_publicacao_0%3D%26data_publicacao_1%3D%26relatoria__parlamentar_id%3D%26em_tramitacao%3D%26tramitacao__unidade_tramitacao_destino%3D%26tramitacao__status%3D%26materiaassunto__assunto%3D%26indexacao%3D%26regime_tramitacao%3D%26salvar%3DPesquisar&amp;source=gmail&amp;ust=1745584459749000&amp;usg=AOvVaw0MwsVZxpFFqIxdQBiMDNwe\">30\/2025<\/a><\/u>, da Mesa Diretora, ao secret\u00e1rio de comunica\u00e7\u00e3o de Jo\u00e3o Pessoa, o jornalista Janildo Jer\u00f4nimo da Silva.<\/p>\n<p align=\"justify\"><b>Mat\u00e9rias do Executivo<\/b><\/p>\n<p align=\"justify\">A MP\u00a0<u><a href=\"https:\/\/sapl.joaopessoa.pb.leg.br\/materia\/pesquisar-materia?tipo=16&amp;ementa=&amp;numero=65&amp;numeracao__numero_materia=&amp;numero_protocolo=&amp;ano=2025&amp;autoria__autor=&amp;autoria__primeiro_autor=unknown&amp;autoria__autor__tipo=&amp;autoria__autor__parlamentar_set__filiacao__partido=&amp;o=&amp;tipo_listagem=1&amp;tipo_origem_externa=&amp;numero_origem_externa=&amp;ano_origem_externa=&amp;data_origem_externa_0=&amp;data_origem_externa_1=&amp;local_origem_externa=&amp;data_apresentacao_0=&amp;data_apresentacao_1=&amp;data_publicacao_0=&amp;data_publicacao_1=&amp;relatoria__parlamentar_id=&amp;em_tramitacao=&amp;tramitacao__unidade_tramitacao_destino=&amp;tramitacao__status=&amp;materiaassunto__assunto=&amp;indexacao=&amp;regime_tramitacao=&amp;salvar=Pesquisar\" target=\"_blank\" rel=\"noopener\" data-saferedirecturl=\"https:\/\/www.google.com\/url?q=https:\/\/sapl.joaopessoa.pb.leg.br\/materia\/pesquisar-materia?tipo%3D16%26ementa%3D%26numero%3D65%26numeracao__numero_materia%3D%26numero_protocolo%3D%26ano%3D2025%26autoria__autor%3D%26autoria__primeiro_autor%3Dunknown%26autoria__autor__tipo%3D%26autoria__autor__parlamentar_set__filiacao__partido%3D%26o%3D%26tipo_listagem%3D1%26tipo_origem_externa%3D%26numero_origem_externa%3D%26ano_origem_externa%3D%26data_origem_externa_0%3D%26data_origem_externa_1%3D%26local_origem_externa%3D%26data_apresentacao_0%3D%26data_apresentacao_1%3D%26data_publicacao_0%3D%26data_publicacao_1%3D%26relatoria__parlamentar_id%3D%26em_tramitacao%3D%26tramitacao__unidade_tramitacao_destino%3D%26tramitacao__status%3D%26materiaassunto__assunto%3D%26indexacao%3D%26regime_tramitacao%3D%26salvar%3DPesquisar&amp;source=gmail&amp;ust=1745584459749000&amp;usg=AOvVaw08n5P5_zioVLIfzFH_zZQM\">65\/2025<\/a><\/u>, acatada, disp\u00f5e sobre a estrutura administrativa e organizacional da Secretaria de Infraestrutura de Jo\u00e3o Pessoa, com a finalidade de aprimorar a efici\u00eancia e a efic\u00e1cia da atua\u00e7\u00e3o administrativa da pasta, \u00f3rg\u00e3o central na gest\u00e3o e execu\u00e7\u00e3o das obras p\u00fablicas municipais. \u201cDiante do aumento significativo dos investimentos em obras p\u00fablicas nos \u00faltimos anos, tornou-se imperativo modernizar e otimizar a estrutura administrativa da Secretaria de Infraestrutura, a fim de garantir que os recursos sejam aplicados de forma transparente, eficiente e em conson\u00e2ncia com os interesses da coletividade\u201d, justificou o Executivo Municipal.<\/p>\n<p align=\"justify\">Outra mat\u00e9ria de autoria do Executivo Municipal recebeu parecer favor\u00e1vel: o PLO\u00a0<u><a href=\"https:\/\/sapl.joaopessoa.pb.leg.br\/materia\/pesquisar-materia?tipo=1&amp;ementa=&amp;numero=145&amp;numeracao__numero_materia=&amp;numero_protocolo=&amp;ano=2025&amp;autoria__a\" target=\"_blank\" rel=\"noopener\" data-saferedirecturl=\"https:\/\/www.google.com\/url?q=https:\/\/sapl.joaopessoa.pb.leg.br\/materia\/pesquisar-materia?tipo%3D1%26ementa%3D%26numero%3D145%26numeracao__numero_materia%3D%26numero_protocolo%3D%26ano%3D2025%26autoria__a&amp;source=gmail&amp;ust=1745584459749000&amp;usg=AOvVaw0zByj0dVxyWdd1ot93Pnui\">145\/2025<\/a><\/u>, solicitando autoriza\u00e7\u00e3o para a realoca\u00e7\u00e3o de dota\u00e7\u00e3o or\u00e7ament\u00e1ria, no valor de R$ 700 mil, destinados \u00e0 Secretaria Municipal de Educa\u00e7\u00e3o e Cultura\/Fundo Municipal de Cultura (FMC).<\/p>\n<div>CMJP<\/div>\n","protected":false},"excerpt":{"rendered":"<p>A Comiss\u00e3o de Constitui\u00e7\u00e3o, Justi\u00e7a, Reda\u00e7\u00e3o e Legisla\u00e7\u00e3o Participativa (CCJ) da C\u00e2mara Municipal de Jo\u00e3o Pessoa (CMJP) foi favor\u00e1vel \u00e0 pol\u00edtica de incentivo e prote\u00e7\u00e3o \u00e0s mulheres que trabalham como motogirl na Capital. Ao todo, o colegiado analisou 14 mat\u00e9rias, das quais nove tiveram pareceres favor\u00e1veis aprovados e cinco foram rejeitadas. Entre as mat\u00e9rias de &hellip;<\/p>\n","protected":false},"author":1,"featured_media":107957,"comment_status":"open","ping_status":"open","sticky":false,"template":"","format":"standard","meta":{"footnotes":""},"categories":[18],"tags":[],"class_list":["post-134917","post","type-post","status-publish","format-standard","has-post-thumbnail","hentry","category-brasil"],"_links":{"self":[{"href":"https:\/\/iparaiba.com.br\/index.php\/wp-json\/wp\/v2\/posts\/134917","targetHints":{"allow":["GET"]}}],"collection":[{"href":"https:\/\/iparaiba.com.br\/index.php\/wp-json\/wp\/v2\/posts"}],"about":[{"href":"https:\/\/iparaiba.com.br\/index.php\/wp-json\/wp\/v2\/types\/post"}],"author":[{"embeddable":true,"href":"https:\/\/iparaiba.com.br\/index.php\/wp-json\/wp\/v2\/users\/1"}],"replies":[{"embeddable":true,"href":"https:\/\/iparaiba.com.br\/index.php\/wp-json\/wp\/v2\/comments?post=134917"}],"version-history":[{"count":1,"href":"https:\/\/iparaiba.com.br\/index.php\/wp-json\/wp\/v2\/posts\/134917\/revisions"}],"predecessor-version":[{"id":134945,"href":"https:\/\/iparaiba.com.br\/index.php\/wp-json\/wp\/v2\/posts\/134917\/revisions\/134945"}],"wp:featuredmedia":[{"embeddable":true,"href":"https:\/\/iparaiba.com.br\/index.php\/wp-json\/wp\/v2\/media\/107957"}],"wp:attachment":[{"href":"https:\/\/iparaiba.com.br\/index.php\/wp-json\/wp\/v2\/media?parent=134917"}],"wp:term":[{"taxonomy":"category","embeddable":true,"href":"https:\/\/iparaiba.com.br\/index.php\/wp-json\/wp\/v2\/categories?post=134917"},{"taxonomy":"post_tag","embeddable":true,"href":"https:\/\/iparaiba.com.br\/index.php\/wp-json\/wp\/v2\/tags?post=134917"}],"curies":[{"name":"wp","href":"https:\/\/api.w.org\/{rel}","templated":true}]}}