{"id":134913,"date":"2025-04-24T18:40:37","date_gmt":"2025-04-24T21:40:37","guid":{"rendered":"https:\/\/onordeste.com.br\/?p=134902"},"modified":"2025-04-24T18:40:37","modified_gmt":"2025-04-24T21:40:37","slug":"funasa-saude-realiza-acao-de-prevencao-a-hipertensao-arterial","status":"publish","type":"post","link":"https:\/\/iparaiba.com.br\/index.php\/2025\/04\/24\/funasa-saude-realiza-acao-de-prevencao-a-hipertensao-arterial\/","title":{"rendered":"Funasa Sa\u00fade realiza a\u00e7\u00e3o de preven\u00e7\u00e3o \u00e0 hipertens\u00e3o arterial"},"content":{"rendered":"<p>O dia 26 de abril \u00e9 o Dia Nacional de Combate e Preven\u00e7\u00e3o \u00e0 Hipertens\u00e3o Arterial. A data tem por objetivo alertar sobre os cuidados, os sintomas e como enfrentar o problema. Dentro desse objetivo, a Funasa Sa\u00fade realiza desta ter\u00e7a-feira, dia 22, at\u00e9 a sexta-feira, dia 25, uma a\u00e7\u00e3o de preven\u00e7\u00e3o \u00e0 hipertens\u00e3o. Na ocasi\u00e3o, ser\u00e3o realizadas aferi\u00e7\u00e3o da press\u00e3o arterial, teste de glicemia e teste r\u00e1pido de verifica\u00e7\u00e3o da capacidade pulmonar.<\/p>\n<p>A iniciativa ocorre na sede da Funasa Sa\u00fade, localizada no quarto andar do Edif\u00edcio Concorde, na Torre. A m\u00e9dica cardiologista Luciana Xavier enfatiza a import\u00e2ncia de a\u00e7\u00f5es preventivas. \u201cEstaremos promovendo uma campanha educativa na Funasa Sa\u00fade. N\u00e3o deixe de fazer esse rastreio do seu n\u00edvel press\u00f3rico que ser\u00e1 muito importante para a sua sa\u00fade\u201d, ressalta.<\/p>\n<p>A cardiologista lembra que pelos par\u00e2metros m\u00e9dicos atuais as pessoas que apresentam press\u00e3o arterial a partir de 12h8 necessitam serem acompanhadas. Ela lembra que isso n\u00e3o significa, necessariamente, fazer uso de medica\u00e7\u00e3o, mas \u00e9 preciso ter uma aten\u00e7\u00e3o maior.<\/p>\n<p>Luciana Xavier alerta para as pessoas ficarem atentas aos sintomas da hipertens\u00e3o arterial. Desconforto na regi\u00e3o da face ou do pesco\u00e7o, por exemplo, s\u00e3o poss\u00edveis sinais do problema. Ela tamb\u00e9m lembra que \u201caguns pacientes chegam a apresentar press\u00f5es mais altas, sem sintomas. S\u00e3o casos em que a hipertens\u00e3o \u00e9 totalmente silenciosa\u201d.<\/p>\n<p>A m\u00e9dica ressalta, em caso de diagn\u00f3stico de hipertens\u00e3o, que o paciente, junto com o tratamento com rem\u00e9dios para controlar a press\u00e3o arterial, deve alterar h\u00e1bitos do dia a dia. Reduzir o consumo de sal da comida, retirar a ingest\u00e3o de temperos industrializados, s\u00e3o dois pontos importantes.<\/p>\n<p>Contudo, a inclus\u00e3o de exerc\u00edcios f\u00edsicos na vida di\u00e1ria do paciente \u00e9 considerada fundamental por Luciana Xavier. \u201cFazer exerc\u00edcio f\u00edsico tem que estar presente em quase todos os pacientes, mesmo aqueles que tenham comorbidades\u201d, enumera.<\/p>\n<p>A Funasa Sa\u00fade \u00e9 uma associa\u00e7\u00e3o genuinamente paraibana, sem fins lucrativos e administrada pelos pr\u00f3prios associados, que opera planos de sa\u00fade. Todas as informa\u00e7\u00f5es sobre o processo de ades\u00e3o \u00e0 Funasa Sa\u00fade est\u00e3o dispon\u00edveis no perfil no Instagram da Funasa Sa\u00fade (@funasasaude) ou atrav\u00e9s do telefone 3244-4220.<\/p>\n","protected":false},"excerpt":{"rendered":"<p>O dia 26 de abril \u00e9 o Dia Nacional de Combate e Preven\u00e7\u00e3o \u00e0 Hipertens\u00e3o Arterial. A data tem por objetivo alertar sobre os cuidados, os sintomas e como enfrentar o problema. Dentro desse objetivo, a Funasa Sa\u00fade realiza desta ter\u00e7a-feira, dia 22, at\u00e9 a sexta-feira, dia 25, uma a\u00e7\u00e3o de preven\u00e7\u00e3o \u00e0 hipertens\u00e3o. Na &hellip;<\/p>\n","protected":false},"author":1,"featured_media":97479,"comment_status":"open","ping_status":"open","sticky":false,"template":"","format":"standard","meta":{"footnotes":""},"categories":[15],"tags":[],"class_list":["post-134913","post","type-post","status-publish","format-standard","has-post-thumbnail","hentry","category-links"],"_links":{"self":[{"href":"https:\/\/iparaiba.com.br\/index.php\/wp-json\/wp\/v2\/posts\/134913","targetHints":{"allow":["GET"]}}],"collection":[{"href":"https:\/\/iparaiba.com.br\/index.php\/wp-json\/wp\/v2\/posts"}],"about":[{"href":"https:\/\/iparaiba.com.br\/index.php\/wp-json\/wp\/v2\/types\/post"}],"author":[{"embeddable":true,"href":"https:\/\/iparaiba.com.br\/index.php\/wp-json\/wp\/v2\/users\/1"}],"replies":[{"embeddable":true,"href":"https:\/\/iparaiba.com.br\/index.php\/wp-json\/wp\/v2\/comments?post=134913"}],"version-history":[{"count":1,"href":"https:\/\/iparaiba.com.br\/index.php\/wp-json\/wp\/v2\/posts\/134913\/revisions"}],"predecessor-version":[{"id":134941,"href":"https:\/\/iparaiba.com.br\/index.php\/wp-json\/wp\/v2\/posts\/134913\/revisions\/134941"}],"wp:featuredmedia":[{"embeddable":true,"href":"https:\/\/iparaiba.com.br\/index.php\/wp-json\/wp\/v2\/media\/97479"}],"wp:attachment":[{"href":"https:\/\/iparaiba.com.br\/index.php\/wp-json\/wp\/v2\/media?parent=134913"}],"wp:term":[{"taxonomy":"category","embeddable":true,"href":"https:\/\/iparaiba.com.br\/index.php\/wp-json\/wp\/v2\/categories?post=134913"},{"taxonomy":"post_tag","embeddable":true,"href":"https:\/\/iparaiba.com.br\/index.php\/wp-json\/wp\/v2\/tags?post=134913"}],"curies":[{"name":"wp","href":"https:\/\/api.w.org\/{rel}","templated":true}]}}