{"id":134912,"date":"2025-04-24T15:00:52","date_gmt":"2025-04-24T18:00:52","guid":{"rendered":"https:\/\/onordeste.com.br\/?p=134900"},"modified":"2025-04-24T15:00:52","modified_gmt":"2025-04-24T18:00:52","slug":"alpb-aprova-exibicao-de-propagandas-educativas-sobre-o-tea-em-eventos-artisticos-e-culturais","status":"publish","type":"post","link":"https:\/\/iparaiba.com.br\/index.php\/2025\/04\/24\/alpb-aprova-exibicao-de-propagandas-educativas-sobre-o-tea-em-eventos-artisticos-e-culturais\/","title":{"rendered":"ALPB aprova exibi\u00e7\u00e3o de propagandas educativas sobre o TEA em eventos art\u00edsticos e culturais"},"content":{"rendered":"<p>A Assembleia Legislativa da Para\u00edba (ALPB) aprovou por unanimidade, o Projeto de Lei 1.248\/2024, de autoria da deputada Danielle do Vale, que determina a obrigatoriedade da exibi\u00e7\u00e3o de propagandas educativas sobre o TEA em eventos art\u00edsticos, culturais e esportivos que recebam recursos do Governo do Estado.<\/p>\n<p>A proposta \u00e9 promover a conscientiza\u00e7\u00e3o e o combate aos estigmas relacionados ao autismo, utilizando os espa\u00e7os de grande visibilidade como instrumentos de inclus\u00e3o e informa\u00e7\u00e3o. De acordo com a mat\u00e9ria, os organizadores que descumprirem a norma estar\u00e3o sujeitos a delibera\u00e7\u00f5es, como advert\u00eancias e impedimentos de novos apoios por at\u00e9 um ano. Para um parlamentar, o projeto \u00e9 uma ferramenta de transforma\u00e7\u00e3o social.<\/p>\n<p>&#8220;Com esta lei, damos um passo fundamental na constru\u00e7\u00e3o de uma sociedade mais inclusiva e emp\u00e1tica. \u00c9 preciso educar para incluir, e os eventos patrocinados pelo Estado devem ser tamb\u00e9m espa\u00e7os de conscientiza\u00e7\u00e3o e respeito \u00e0s diferen\u00e7as&#8221;, afirmou o parlamentar.<\/p>\n<p>Os deputados aprovaram tamb\u00e9m o PL 3.572\/2025, instituindo a Campanha do Novembro Dourado no Calend\u00e1rio de Eventos do Estado. A mat\u00e9ria apresentada pelo deputado Branco Mendes tem o interesse de promover a conscientiza\u00e7\u00e3o sobre o c\u00e2ncer infantojuvenil, incentivando o diagn\u00f3stico precoce, apoiando pol\u00edticas p\u00fablicas voltadas para crian\u00e7as com c\u00e2ncer e seus familiares, e difundindo avan\u00e7os cient\u00edficos na \u00e1rea.<\/p>\n<p>A mat\u00e9ria especifica que, durante o m\u00eas de novembro, a\u00e7\u00f5es educativas, debates e campanhas de esclarecimento poder\u00e3o ser realizadas com o apoio da sociedade civil e da iniciativa privada, al\u00e9m da possibilidade de ilumina\u00e7\u00e3o de espa\u00e7os p\u00fablicos com a cor dourada como forma de engajamento e visibilidade ao tema.<\/p>\n<p>O deputado Branco Mendes destacou que o c\u00e2ncer representa a primeira causa de morte por doen\u00e7a de crian\u00e7as e adolescentes entre zero e 18 anos no Brasil. \u201cA incid\u00eancia do c\u00e2ncer pedi\u00e1trico \u00e9 de aproximadamente 16 para cada 100 mil habitantes menores do que 19 anos, o que leva \u00e0 estimativa de 12 mil casos novos por ano no Brasil\u201d, argumentou o parlamentar.<\/p>\n","protected":false},"excerpt":{"rendered":"<p>A Assembleia Legislativa da Para\u00edba (ALPB) aprovou por unanimidade, o Projeto de Lei 1.248\/2024, de autoria da deputada Danielle do Vale, que determina a obrigatoriedade da exibi\u00e7\u00e3o de propagandas educativas sobre o TEA em eventos art\u00edsticos, culturais e esportivos que recebam recursos do Governo do Estado. A proposta \u00e9 promover a conscientiza\u00e7\u00e3o e o combate &hellip;<\/p>\n","protected":false},"author":1,"featured_media":134147,"comment_status":"open","ping_status":"open","sticky":false,"template":"","format":"standard","meta":{"footnotes":""},"categories":[6],"tags":[],"class_list":["post-134912","post","type-post","status-publish","format-standard","has-post-thumbnail","hentry","category-destaques"],"_links":{"self":[{"href":"https:\/\/iparaiba.com.br\/index.php\/wp-json\/wp\/v2\/posts\/134912","targetHints":{"allow":["GET"]}}],"collection":[{"href":"https:\/\/iparaiba.com.br\/index.php\/wp-json\/wp\/v2\/posts"}],"about":[{"href":"https:\/\/iparaiba.com.br\/index.php\/wp-json\/wp\/v2\/types\/post"}],"author":[{"embeddable":true,"href":"https:\/\/iparaiba.com.br\/index.php\/wp-json\/wp\/v2\/users\/1"}],"replies":[{"embeddable":true,"href":"https:\/\/iparaiba.com.br\/index.php\/wp-json\/wp\/v2\/comments?post=134912"}],"version-history":[{"count":1,"href":"https:\/\/iparaiba.com.br\/index.php\/wp-json\/wp\/v2\/posts\/134912\/revisions"}],"predecessor-version":[{"id":134940,"href":"https:\/\/iparaiba.com.br\/index.php\/wp-json\/wp\/v2\/posts\/134912\/revisions\/134940"}],"wp:featuredmedia":[{"embeddable":true,"href":"https:\/\/iparaiba.com.br\/index.php\/wp-json\/wp\/v2\/media\/134147"}],"wp:attachment":[{"href":"https:\/\/iparaiba.com.br\/index.php\/wp-json\/wp\/v2\/media?parent=134912"}],"wp:term":[{"taxonomy":"category","embeddable":true,"href":"https:\/\/iparaiba.com.br\/index.php\/wp-json\/wp\/v2\/categories?post=134912"},{"taxonomy":"post_tag","embeddable":true,"href":"https:\/\/iparaiba.com.br\/index.php\/wp-json\/wp\/v2\/tags?post=134912"}],"curies":[{"name":"wp","href":"https:\/\/api.w.org\/{rel}","templated":true}]}}