{"id":134889,"date":"2025-04-09T12:10:58","date_gmt":"2025-04-09T15:10:58","guid":{"rendered":"https:\/\/onordeste.com.br\/?p=134849"},"modified":"2025-04-09T12:10:58","modified_gmt":"2025-04-09T15:10:58","slug":"ccj-aprecia-31-materias","status":"publish","type":"post","link":"https:\/\/iparaiba.com.br\/index.php\/2025\/04\/09\/ccj-aprecia-31-materias\/","title":{"rendered":"CCJ aprecia 31 mat\u00e9rias"},"content":{"rendered":"<p align=\"justify\">A Comiss\u00e3o de Constitui\u00e7\u00e3o, Justi\u00e7a, Reda\u00e7\u00e3o e Legisla\u00e7\u00e3o Participativa (CCJ) da C\u00e2mara Municipal de Jo\u00e3o Pessoa (CMJP) apreciou 31 mat\u00e9rias, das quais 23 foram aprovadas: 19 Projetos de Lei Ordin\u00e1ria (PLOs), uma Medida Provis\u00f3ria (MP) e tr\u00eas Projetos de Decreto Legislativo (PDL). Cinco PLOs receberam parecer contr\u00e1rio, outro foi arquivado, um recebeu pedido de vista e um outro foi retirado de pauta.<\/p>\n<p align=\"justify\">A MP\u00a0<u><a href=\"https:\/\/sapl.joaopessoa.pb.leg.br\/materia\/pesquisar-materia?tipo=16&amp;ementa=&amp;numero=53&amp;numeracao__numero_materia=&amp;numero_protocolo=&amp;ano=2025&amp;autoria__a\" target=\"_blank\" rel=\"noopener\" data-saferedirecturl=\"https:\/\/www.google.com\/url?q=https:\/\/sapl.joaopessoa.pb.leg.br\/materia\/pesquisar-materia?tipo%3D16%26ementa%3D%26numero%3D53%26numeracao__numero_materia%3D%26numero_protocolo%3D%26ano%3D2025%26autoria__a&amp;source=gmail&amp;ust=1744296859925000&amp;usg=AOvVaw0aSoq0BwAIXlNFT8rCW9Tl\">53\/2025<\/a><\/u>, com parecer favor\u00e1vel aprovado, cria o cargo de procurador-geral adjunto na Procuradoria-Geral do Munic\u00edpio de Jo\u00e3o Pessoa. \u201cA crescente complexidade das demandas sociais e administrativas tem intensificado a press\u00e3o sobre a atua\u00e7\u00e3o da Procuradoria-Geral do Munic\u00edpio. O aumento significativo de processos judiciais e administrativos reflete a busca da popula\u00e7\u00e3o por respostas c\u00e9leres e eficazes junto \u00e0 Administra\u00e7\u00e3o P\u00fablica, realidade que demanda estruturas robustas e din\u00e2micas\u201d, justificou o Executivo Municipal.<\/p>\n<p align=\"justify\">Outra mat\u00e9ria do Executivo Municipal teve parecer favor\u00e1vel aprovado: o PLO\u00a0<u><a href=\"https:\/\/sapl.joaopessoa.pb.leg.br\/materia\/pesquisar-materia?tipo=1&amp;ementa=&amp;numero=111&amp;numeracao__numero_materia=&amp;numero_protocolo=&amp;ano=2025&amp;autoria__a\" target=\"_blank\" rel=\"noopener\" data-saferedirecturl=\"https:\/\/www.google.com\/url?q=https:\/\/sapl.joaopessoa.pb.leg.br\/materia\/pesquisar-materia?tipo%3D1%26ementa%3D%26numero%3D111%26numeracao__numero_materia%3D%26numero_protocolo%3D%26ano%3D2025%26autoria__a&amp;source=gmail&amp;ust=1744296859925000&amp;usg=AOvVaw3KVXr9mefm56EfrsUKxSx6\">111\/2025<\/a><\/u>, de autoria do prefeito interino Dinho Dowsney (PSD), autorizando a realoca\u00e7\u00e3o de dota\u00e7\u00f5es or\u00e7ament\u00e1rias, no valor de R$ 19.297.357,25, destinados \u00e0 cobertura de programas e despesas de car\u00e1ter continuado na Procuradoria-Geral do Munic\u00edpio, na Secretaria da Administra\u00e7\u00e3o e na Secretaria de Finan\u00e7as.<\/p>\n<p align=\"justify\">Outros tr\u00eas PLOs de autoria do Executivo tiveram pareceres favor\u00e1veis acatados: o\u00a0<u><a href=\"https:\/\/sapl.joaopessoa.pb.leg.br\/materia\/pesquisar-materia?tipo=1&amp;ementa=&amp;numero=123&amp;numeracao__numero_materia=&amp;numero_protocolo=&amp;ano=2025&amp;autoria__autor=&amp;autoria__primeiro_autor=unknown&amp;autoria__autor__tipo=&amp;autoria__autor__parlamentar_set__filiacao__partido=&amp;o=&amp;tipo_listagem=1&amp;tipo_origem_externa=&amp;numero_origem_externa=&amp;ano_origem_externa=&amp;data_origem_externa_0=&amp;data_origem_externa_1=&amp;local_origem_externa=&amp;data_apresentacao_0=&amp;data_apresentacao_1=&amp;data_publicacao_0=&amp;data_publicacao_1=&amp;relatoria__parlamentar_id=&amp;em_tramitacao=&amp;tramitacao__unidade_tramitacao_destino=&amp;tramitacao__status=&amp;materiaassunto__assunto=&amp;indexacao=&amp;regime_tramitacao=&amp;salvar=Pesquisar\" target=\"_blank\" rel=\"noopener\" data-saferedirecturl=\"https:\/\/www.google.com\/url?q=https:\/\/sapl.joaopessoa.pb.leg.br\/materia\/pesquisar-materia?tipo%3D1%26ementa%3D%26numero%3D123%26numeracao__numero_materia%3D%26numero_protocolo%3D%26ano%3D2025%26autoria__autor%3D%26autoria__primeiro_autor%3Dunknown%26autoria__autor__tipo%3D%26autoria__autor__parlamentar_set__filiacao__partido%3D%26o%3D%26tipo_listagem%3D1%26tipo_origem_externa%3D%26numero_origem_externa%3D%26ano_origem_externa%3D%26data_origem_externa_0%3D%26data_origem_externa_1%3D%26local_origem_externa%3D%26data_apresentacao_0%3D%26data_apresentacao_1%3D%26data_publicacao_0%3D%26data_publicacao_1%3D%26relatoria__parlamentar_id%3D%26em_tramitacao%3D%26tramitacao__unidade_tramitacao_destino%3D%26tramitacao__status%3D%26materiaassunto__assunto%3D%26indexacao%3D%26regime_tramitacao%3D%26salvar%3DPesquisar&amp;source=gmail&amp;ust=1744296859925000&amp;usg=AOvVaw2b4AIWUvWnG45DV8NVVXqb\">123\/2025<\/a><\/u>, que autoriza a realoca\u00e7\u00e3o de dota\u00e7\u00e3o or\u00e7ament\u00e1ria, no valor de R$ 119 mil, destinados \u00e0 Secretaria de Direitos Humanos e Cidadania \u2013 Fundo Municipal de Assist\u00eancia Social; o\u00a0<u><a href=\"https:\/\/sapl.joaopessoa.pb.leg.br\/materia\/pesquisar-materia?tipo=1&amp;ementa=&amp;numero=129&amp;numeracao__numero_materia=&amp;numero_protocolo=&amp;ano=2025&amp;autoria__autor=&amp;autoria__primeiro_autor=unknown&amp;autoria__autor__tipo=&amp;autoria__autor__parlamentar_set__filiacao__partido=&amp;o=&amp;tipo_listagem=1&amp;tipo_origem_externa=&amp;numero_origem_externa=&amp;ano_origem_externa=&amp;data_origem_externa_0=&amp;data_origem_externa_1=&amp;local_origem_externa=&amp;data_apresentacao_0=&amp;data_apresentacao_1=&amp;data_publicacao_0=&amp;data_publicacao_1=&amp;relatoria__parlamentar_id=&amp;em_tramitacao=&amp;tramitacao__unidade_tramitacao_destino=&amp;tramitacao__status=&amp;materiaassunto__assunto=&amp;indexacao=&amp;regime_tramitacao=&amp;salvar=Pesquisar\" target=\"_blank\" rel=\"noopener\" data-saferedirecturl=\"https:\/\/www.google.com\/url?q=https:\/\/sapl.joaopessoa.pb.leg.br\/materia\/pesquisar-materia?tipo%3D1%26ementa%3D%26numero%3D129%26numeracao__numero_materia%3D%26numero_protocolo%3D%26ano%3D2025%26autoria__autor%3D%26autoria__primeiro_autor%3Dunknown%26autoria__autor__tipo%3D%26autoria__autor__parlamentar_set__filiacao__partido%3D%26o%3D%26tipo_listagem%3D1%26tipo_origem_externa%3D%26numero_origem_externa%3D%26ano_origem_externa%3D%26data_origem_externa_0%3D%26data_origem_externa_1%3D%26local_origem_externa%3D%26data_apresentacao_0%3D%26data_apresentacao_1%3D%26data_publicacao_0%3D%26data_publicacao_1%3D%26relatoria__parlamentar_id%3D%26em_tramitacao%3D%26tramitacao__unidade_tramitacao_destino%3D%26tramitacao__status%3D%26materiaassunto__assunto%3D%26indexacao%3D%26regime_tramitacao%3D%26salvar%3DPesquisar&amp;source=gmail&amp;ust=1744296859925000&amp;usg=AOvVaw0ZhBZSWdVycgMAAbI1DumC\">129\/2025<\/a><\/u>, promovendo a desafeta\u00e7\u00e3o de \u00e1rea p\u00fablica com 607,27 m\u00b2, no bairro Portal do Sol, para cria\u00e7\u00e3o de uma pra\u00e7a onde ser\u00e1 desenvolvido o projeto &#8216;Campe\u00f5es do Amanh\u00e3&#8217;, na modalidade hipismo; o\u00a0<u><a href=\"https:\/\/sapl.joaopessoa.pb.leg.br\/materia\/pesquisar-materia?tipo=1&amp;ementa=&amp;numero=130&amp;numeracao__numero_materia=&amp;numero_protocolo=&amp;ano=2025&amp;autoria__autor=&amp;autoria__primeiro_autor=unknown&amp;autoria__autor__tipo=&amp;autoria__autor__parlamentar_set__filiacao__partido=&amp;o=&amp;tipo_listagem=1&amp;tipo_origem_externa=&amp;numero_origem_externa=&amp;ano_origem_externa=&amp;data_origem_externa_0=&amp;data_origem_externa_1=&amp;local_origem_externa=&amp;data_apresentacao_0=&amp;data_apresentacao_1=&amp;data_publicacao_0=&amp;data_publicacao_1=&amp;relatoria__parlamentar_id=&amp;em_tramitacao=&amp;tramitacao__unidade_tramitacao_destino=&amp;tramitacao__status=&amp;materiaassunto__assunto=&amp;indexacao=&amp;regime_tramitacao=&amp;salvar=Pesquisar\" target=\"_blank\" rel=\"noopener\" data-saferedirecturl=\"https:\/\/www.google.com\/url?q=https:\/\/sapl.joaopessoa.pb.leg.br\/materia\/pesquisar-materia?tipo%3D1%26ementa%3D%26numero%3D130%26numeracao__numero_materia%3D%26numero_protocolo%3D%26ano%3D2025%26autoria__autor%3D%26autoria__primeiro_autor%3Dunknown%26autoria__autor__tipo%3D%26autoria__autor__parlamentar_set__filiacao__partido%3D%26o%3D%26tipo_listagem%3D1%26tipo_origem_externa%3D%26numero_origem_externa%3D%26ano_origem_externa%3D%26data_origem_externa_0%3D%26data_origem_externa_1%3D%26local_origem_externa%3D%26data_apresentacao_0%3D%26data_apresentacao_1%3D%26data_publicacao_0%3D%26data_publicacao_1%3D%26relatoria__parlamentar_id%3D%26em_tramitacao%3D%26tramitacao__unidade_tramitacao_destino%3D%26tramitacao__status%3D%26materiaassunto__assunto%3D%26indexacao%3D%26regime_tramitacao%3D%26salvar%3DPesquisar&amp;source=gmail&amp;ust=1744296859925000&amp;usg=AOvVaw3DJTChZRQ1sCLsdBS2xzSb\">130\/2025<\/a><\/u>, que institui o Sistema Integrado de Gerenciamento de Res\u00edduos da Constru\u00e7\u00e3o Civil e Res\u00edduos Volumosos, de acordo com o previsto na Resolu\u00e7\u00e3o CONAMA n\u00ba 307\/2002, que estabelece diretrizes e normas para o gerenciamento, a disposi\u00e7\u00e3o e a destina\u00e7\u00e3o ambientalmente adequada desses res\u00edduos.<\/p>\n<p align=\"justify\">Entre os projetos de autoria dos vereadores foram acatados os seguintes: o PLO\u00a0<u><a href=\"https:\/\/sapl.joaopessoa.pb.leg.br\/materia\/pesquisar-materia?tipo=1&amp;ementa=&amp;numero=23&amp;numeracao__numero_materia=&amp;numero_protocolo=&amp;ano=2025&amp;autoria__autor=&amp;autoria__primeiro_autor=unknown&amp;autoria__autor__tipo=&amp;autoria__autor__parlamentar_set__filiacao__partido=&amp;o=&amp;tipo_listagem=1&amp;tipo_origem_externa=&amp;numero_origem_externa=&amp;ano_origem_externa=&amp;data_origem_externa_0=&amp;data_origem_externa_1=&amp;local_origem_externa=&amp;data_apresentacao_0=&amp;data_apresentacao_1=&amp;data_publicacao_0=&amp;data_publicacao_1=&amp;relatoria__parlamentar_id=&amp;em_tramitacao=&amp;tramitacao__unidade_tramitacao_destino=&amp;tramitacao__status=&amp;materiaassunto__assunto=&amp;indexacao=&amp;regime_tramitacao=&amp;salvar=Pesquisar\" target=\"_blank\" rel=\"noopener\" data-saferedirecturl=\"https:\/\/www.google.com\/url?q=https:\/\/sapl.joaopessoa.pb.leg.br\/materia\/pesquisar-materia?tipo%3D1%26ementa%3D%26numero%3D23%26numeracao__numero_materia%3D%26numero_protocolo%3D%26ano%3D2025%26autoria__autor%3D%26autoria__primeiro_autor%3Dunknown%26autoria__autor__tipo%3D%26autoria__autor__parlamentar_set__filiacao__partido%3D%26o%3D%26tipo_listagem%3D1%26tipo_origem_externa%3D%26numero_origem_externa%3D%26ano_origem_externa%3D%26data_origem_externa_0%3D%26data_origem_externa_1%3D%26local_origem_externa%3D%26data_apresentacao_0%3D%26data_apresentacao_1%3D%26data_publicacao_0%3D%26data_publicacao_1%3D%26relatoria__parlamentar_id%3D%26em_tramitacao%3D%26tramitacao__unidade_tramitacao_destino%3D%26tramitacao__status%3D%26materiaassunto__assunto%3D%26indexacao%3D%26regime_tramitacao%3D%26salvar%3DPesquisar&amp;source=gmail&amp;ust=1744296859926000&amp;usg=AOvVaw1_ZNzWzd3wFT0SB4PHF1AU\">23\/2025<\/a><\/u>, de Jailma Carvalho (PSB), instituindo a obrigatoriedade da oferta de leitos exclusivos para parturientes de natimorto ou \u00f3bito fetal nas maternidades, hospitais e unidades de sa\u00fade da rede p\u00fablica e privada de Jo\u00e3o Pessoa; o PLO\u00a0<u><a href=\"https:\/\/sapl.joaopessoa.pb.leg.br\/materia\/pesquisar-materia?tipo=1&amp;ementa=&amp;numero=96&amp;numeracao__numero_materia=&amp;numero_protocolo=&amp;ano=2025&amp;autoria__autor=&amp;autoria__primeiro_autor=unknown&amp;autoria__autor__tipo=&amp;autoria__autor__parlamentar_set__filiacao__partido=&amp;o=&amp;tipo_listagem=1&amp;tipo_origem_externa=&amp;numero_origem_externa=&amp;ano_origem_externa=&amp;data_origem_externa_0=&amp;data_origem_externa_1=&amp;local_origem_externa=&amp;data_apresentacao_0=&amp;data_apresentacao_1=&amp;data_publicacao_0=&amp;data_publicacao_1=&amp;relatoria__parlamentar_id=&amp;em_tramitacao=&amp;tramitacao__unidade_tramitacao_destino=&amp;tramitacao__status=&amp;materiaassunto__assunto=&amp;indexacao=&amp;regime_tramitacao=&amp;salvar=Pesquisar\" target=\"_blank\" rel=\"noopener\" data-saferedirecturl=\"https:\/\/www.google.com\/url?q=https:\/\/sapl.joaopessoa.pb.leg.br\/materia\/pesquisar-materia?tipo%3D1%26ementa%3D%26numero%3D96%26numeracao__numero_materia%3D%26numero_protocolo%3D%26ano%3D2025%26autoria__autor%3D%26autoria__primeiro_autor%3Dunknown%26autoria__autor__tipo%3D%26autoria__autor__parlamentar_set__filiacao__partido%3D%26o%3D%26tipo_listagem%3D1%26tipo_origem_externa%3D%26numero_origem_externa%3D%26ano_origem_externa%3D%26data_origem_externa_0%3D%26data_origem_externa_1%3D%26local_origem_externa%3D%26data_apresentacao_0%3D%26data_apresentacao_1%3D%26data_publicacao_0%3D%26data_publicacao_1%3D%26relatoria__parlamentar_id%3D%26em_tramitacao%3D%26tramitacao__unidade_tramitacao_destino%3D%26tramitacao__status%3D%26materiaassunto__assunto%3D%26indexacao%3D%26regime_tramitacao%3D%26salvar%3DPesquisar&amp;source=gmail&amp;ust=1744296859926000&amp;usg=AOvVaw3bQ7_Vug1eoSaX4Mc7sXP3\">96\/2025<\/a><\/u>, de \u00cdcaro Chaves (Pode), garantido aos usu\u00e1rios do Sistema \u00danico de Sa\u00fade (SUS) residentes em Jo\u00e3o Pessoa o direito ao acesso \u00e0s informa\u00e7\u00f5es acerca de sua sa\u00fade e \u00e0s listas de espera para consultas e exames; e o PLO\u00a0<u><a href=\"https:\/\/sapl.joaopessoa.pb.leg.br\/materia\/pesquisar-materia?tipo=1&amp;ementa=&amp;numero=108&amp;numeracao__numero_materia=&amp;numero_protocolo=&amp;ano=2025&amp;autoria__autor=&amp;autoria__primeiro_autor=unknown&amp;autoria__autor__tipo=&amp;autoria__autor__parlamentar_set__filiacao__partido=&amp;o=&amp;tipo_listagem=1&amp;tipo_origem_externa=&amp;numero_origem_externa=&amp;ano_origem_externa=&amp;data_origem_externa_0=&amp;data_origem_externa_1=&amp;local_origem_externa=&amp;data_apresentacao_0=&amp;data_apresentacao_1=&amp;data_publicacao_0=&amp;data_publicacao_1=&amp;relatoria__parlamentar_id=&amp;em_tramitacao=&amp;tramitacao__unidade_tramitacao_destino=&amp;tramitacao__status=&amp;materiaassunto__assunto=&amp;indexacao=&amp;regime_tramitacao=&amp;salvar=Pesquisar\" target=\"_blank\" rel=\"noopener\" data-saferedirecturl=\"https:\/\/www.google.com\/url?q=https:\/\/sapl.joaopessoa.pb.leg.br\/materia\/pesquisar-materia?tipo%3D1%26ementa%3D%26numero%3D108%26numeracao__numero_materia%3D%26numero_protocolo%3D%26ano%3D2025%26autoria__autor%3D%26autoria__primeiro_autor%3Dunknown%26autoria__autor__tipo%3D%26autoria__autor__parlamentar_set__filiacao__partido%3D%26o%3D%26tipo_listagem%3D1%26tipo_origem_externa%3D%26numero_origem_externa%3D%26ano_origem_externa%3D%26data_origem_externa_0%3D%26data_origem_externa_1%3D%26local_origem_externa%3D%26data_apresentacao_0%3D%26data_apresentacao_1%3D%26data_publicacao_0%3D%26data_publicacao_1%3D%26relatoria__parlamentar_id%3D%26em_tramitacao%3D%26tramitacao__unidade_tramitacao_destino%3D%26tramitacao__status%3D%26materiaassunto__assunto%3D%26indexacao%3D%26regime_tramitacao%3D%26salvar%3DPesquisar&amp;source=gmail&amp;ust=1744296859926000&amp;usg=AOvVaw07dyeSRcaxTVvpDVjBVQDZ\">108\/2025<\/a><\/u>, de F\u00e1bio Lopes (PL), determinando que todas as empresas privadas situadas em Jo\u00e3o Pessoa que disponibilizam vagas de estacionamento com pontos de abastecimento para ve\u00edculos el\u00e9tricos garantam que tais vagas sejam de uso exclusivo para ve\u00edculos el\u00e9tricos.<\/p>\n<p align=\"justify\">Ainda receberam parecer favor\u00e1vel tr\u00eas Projetos de Decreto Legislativo (PDL) concedendo T\u00edtulo de Cidad\u00e3o Pessoense: o\u00a0<u><a href=\"https:\/\/sapl.joaopessoa.pb.leg.br\/materia\/pesquisar-materia?tipo=6&amp;ementa=&amp;numero=12&amp;numeracao__numero_materia=&amp;numero_protocolo=&amp;ano=2025&amp;autoria__autor=&amp;autoria__primeiro_autor=unknown&amp;autoria__autor__tipo=&amp;autoria__autor__parlamentar_set__filiacao__partido=&amp;o=&amp;tipo_listagem=1&amp;tipo_origem_externa=&amp;numero_origem_externa=&amp;ano_origem_externa=&amp;data_origem_externa_0=&amp;data_origem_externa_1=&amp;local_origem_externa=&amp;data_apresentacao_0=&amp;data_apresentacao_1=&amp;data_publicacao_0=&amp;data_publicacao_1=&amp;relatoria__parlamentar_id=&amp;em_tramitacao=&amp;tramitacao__unidade_tramitacao_destino=&amp;tramitacao__status=&amp;materiaassunto__assunto=&amp;indexacao=&amp;regime_tramitacao=&amp;salvar=Pesquisar\" target=\"_blank\" rel=\"noopener\" data-saferedirecturl=\"https:\/\/www.google.com\/url?q=https:\/\/sapl.joaopessoa.pb.leg.br\/materia\/pesquisar-materia?tipo%3D6%26ementa%3D%26numero%3D12%26numeracao__numero_materia%3D%26numero_protocolo%3D%26ano%3D2025%26autoria__autor%3D%26autoria__primeiro_autor%3Dunknown%26autoria__autor__tipo%3D%26autoria__autor__parlamentar_set__filiacao__partido%3D%26o%3D%26tipo_listagem%3D1%26tipo_origem_externa%3D%26numero_origem_externa%3D%26ano_origem_externa%3D%26data_origem_externa_0%3D%26data_origem_externa_1%3D%26local_origem_externa%3D%26data_apresentacao_0%3D%26data_apresentacao_1%3D%26data_publicacao_0%3D%26data_publicacao_1%3D%26relatoria__parlamentar_id%3D%26em_tramitacao%3D%26tramitacao__unidade_tramitacao_destino%3D%26tramitacao__status%3D%26materiaassunto__assunto%3D%26indexacao%3D%26regime_tramitacao%3D%26salvar%3DPesquisar&amp;source=gmail&amp;ust=1744296859926000&amp;usg=AOvVaw02uM3RVUV7AAhrqy1VeoAJ\">12\/2025<\/a><\/u>, de Marmuthe Cavalcanti (Republicanos), ao auditor fiscal Francisco Petr\u00f4nio de Oliveira Rolim; o\u00a0<u><a href=\"https:\/\/sapl.joaopessoa.pb.leg.br\/materia\/pesquisar-materia?tipo=6&amp;ementa=&amp;numero=17&amp;numeracao__numero_materia=&amp;numero_protocolo=&amp;ano=2025&amp;autoria__autor=&amp;autoria__primeiro_autor=unknown&amp;autoria__autor__tipo=&amp;autoria__autor__parlamentar_set__filiacao__partido=&amp;o=&amp;tipo_listagem=1&amp;tipo_origem_externa=&amp;numero_origem_externa=&amp;ano_origem_externa=&amp;data_origem_externa_0=&amp;data_origem_externa_1=&amp;local_origem_externa=&amp;data_apresentacao_0=&amp;data_apresentacao_1=&amp;data_publicacao_0=&amp;data_publicacao_1=&amp;relatoria__parlamentar_id=&amp;em_tramitacao=&amp;tramitacao__unidade_tramitacao_destino=&amp;tramitacao__status=&amp;materiaassunto__assunto=&amp;indexacao=&amp;regime_tramitacao=&amp;salvar=Pesquisar\" target=\"_blank\" rel=\"noopener\" data-saferedirecturl=\"https:\/\/www.google.com\/url?q=https:\/\/sapl.joaopessoa.pb.leg.br\/materia\/pesquisar-materia?tipo%3D6%26ementa%3D%26numero%3D17%26numeracao__numero_materia%3D%26numero_protocolo%3D%26ano%3D2025%26autoria__autor%3D%26autoria__primeiro_autor%3Dunknown%26autoria__autor__tipo%3D%26autoria__autor__parlamentar_set__filiacao__partido%3D%26o%3D%26tipo_listagem%3D1%26tipo_origem_externa%3D%26numero_origem_externa%3D%26ano_origem_externa%3D%26data_origem_externa_0%3D%26data_origem_externa_1%3D%26local_origem_externa%3D%26data_apresentacao_0%3D%26data_apresentacao_1%3D%26data_publicacao_0%3D%26data_publicacao_1%3D%26relatoria__parlamentar_id%3D%26em_tramitacao%3D%26tramitacao__unidade_tramitacao_destino%3D%26tramitacao__status%3D%26materiaassunto__assunto%3D%26indexacao%3D%26regime_tramitacao%3D%26salvar%3DPesquisar&amp;source=gmail&amp;ust=1744296859926000&amp;usg=AOvVaw2DLnA86wwwihuiGvByBF4w\">17\/2025<\/a><\/u>, de Edmilson Soares (PSB), ao empres\u00e1rio Jos\u00e9 Marinho de Sousa; e o\u00a0<u><a href=\"https:\/\/sapl.joaopessoa.pb.leg.br\/materia\/pesquisar-materia?tipo=6&amp;ementa=&amp;numero=26&amp;numeracao__numero_materia=&amp;numero_protocolo=&amp;ano=2025&amp;autoria__autor=&amp;autoria__primeiro_autor=unknown&amp;autoria__autor__tipo=&amp;autoria__autor__parlamentar_set__filiacao__partido=&amp;o=&amp;tipo_listagem=1&amp;tipo_origem_externa=&amp;numero_origem_externa=&amp;ano_origem_externa=&amp;data_origem_externa_0=&amp;data_origem_externa_1=&amp;local_origem_externa=&amp;data_apresentacao_0=&amp;data_apresentacao_1=&amp;data_publicacao_0=&amp;data_publicacao_1=&amp;relatoria__parlamentar_id=&amp;em_tramitacao=&amp;tramitacao__unidade_tramitacao_destino=&amp;tramitacao__status=&amp;materiaassunto__assunto=&amp;indexacao=&amp;regime_tramitacao=&amp;salvar=Pesquisar\" target=\"_blank\" rel=\"noopener\" data-saferedirecturl=\"https:\/\/www.google.com\/url?q=https:\/\/sapl.joaopessoa.pb.leg.br\/materia\/pesquisar-materia?tipo%3D6%26ementa%3D%26numero%3D26%26numeracao__numero_materia%3D%26numero_protocolo%3D%26ano%3D2025%26autoria__autor%3D%26autoria__primeiro_autor%3Dunknown%26autoria__autor__tipo%3D%26autoria__autor__parlamentar_set__filiacao__partido%3D%26o%3D%26tipo_listagem%3D1%26tipo_origem_externa%3D%26numero_origem_externa%3D%26ano_origem_externa%3D%26data_origem_externa_0%3D%26data_origem_externa_1%3D%26local_origem_externa%3D%26data_apresentacao_0%3D%26data_apresentacao_1%3D%26data_publicacao_0%3D%26data_publicacao_1%3D%26relatoria__parlamentar_id%3D%26em_tramitacao%3D%26tramitacao__unidade_tramitacao_destino%3D%26tramitacao__status%3D%26materiaassunto__assunto%3D%26indexacao%3D%26regime_tramitacao%3D%26salvar%3DPesquisar&amp;source=gmail&amp;ust=1744296859926000&amp;usg=AOvVaw3iT2LOHC-20iFZlbL-sXdh\">26\/2025<\/a><\/u>, de Tarc\u00edsio Jardim (PP), ao humorista Rodrigo Vieira Emerenciano, o Mu\u00e7\u00e3o.<\/p>\n<p align=\"justify\">cmjp<\/p>\n","protected":false},"excerpt":{"rendered":"<p>A Comiss\u00e3o de Constitui\u00e7\u00e3o, Justi\u00e7a, Reda\u00e7\u00e3o e Legisla\u00e7\u00e3o Participativa (CCJ) da C\u00e2mara Municipal de Jo\u00e3o Pessoa (CMJP) apreciou 31 mat\u00e9rias, das quais 23 foram aprovadas: 19 Projetos de Lei Ordin\u00e1ria (PLOs), uma Medida Provis\u00f3ria (MP) e tr\u00eas Projetos de Decreto Legislativo (PDL). Cinco PLOs receberam parecer contr\u00e1rio, outro foi arquivado, um recebeu pedido de vista &hellip;<\/p>\n","protected":false},"author":1,"featured_media":97717,"comment_status":"open","ping_status":"open","sticky":false,"template":"","format":"standard","meta":{"footnotes":""},"categories":[8],"tags":[],"class_list":["post-134889","post","type-post","status-publish","format-standard","has-post-thumbnail","hentry","category-politica"],"_links":{"self":[{"href":"https:\/\/iparaiba.com.br\/index.php\/wp-json\/wp\/v2\/posts\/134889","targetHints":{"allow":["GET"]}}],"collection":[{"href":"https:\/\/iparaiba.com.br\/index.php\/wp-json\/wp\/v2\/posts"}],"about":[{"href":"https:\/\/iparaiba.com.br\/index.php\/wp-json\/wp\/v2\/types\/post"}],"author":[{"embeddable":true,"href":"https:\/\/iparaiba.com.br\/index.php\/wp-json\/wp\/v2\/users\/1"}],"replies":[{"embeddable":true,"href":"https:\/\/iparaiba.com.br\/index.php\/wp-json\/wp\/v2\/comments?post=134889"}],"version-history":[{"count":0,"href":"https:\/\/iparaiba.com.br\/index.php\/wp-json\/wp\/v2\/posts\/134889\/revisions"}],"wp:featuredmedia":[{"embeddable":true,"href":"https:\/\/iparaiba.com.br\/index.php\/wp-json\/wp\/v2\/media\/97717"}],"wp:attachment":[{"href":"https:\/\/iparaiba.com.br\/index.php\/wp-json\/wp\/v2\/media?parent=134889"}],"wp:term":[{"taxonomy":"category","embeddable":true,"href":"https:\/\/iparaiba.com.br\/index.php\/wp-json\/wp\/v2\/categories?post=134889"},{"taxonomy":"post_tag","embeddable":true,"href":"https:\/\/iparaiba.com.br\/index.php\/wp-json\/wp\/v2\/tags?post=134889"}],"curies":[{"name":"wp","href":"https:\/\/api.w.org\/{rel}","templated":true}]}}