{"id":134887,"date":"2025-04-09T12:08:22","date_gmt":"2025-04-09T15:08:22","guid":{"rendered":"https:\/\/onordeste.com.br\/?p=134845"},"modified":"2025-04-09T12:08:22","modified_gmt":"2025-04-09T15:08:22","slug":"agevisa-integra-projeto-de-criacao-do-nucleo-estadual-de-gestao-estrategica-em-seguranca-do-paciente","status":"publish","type":"post","link":"https:\/\/iparaiba.com.br\/index.php\/2025\/04\/09\/agevisa-integra-projeto-de-criacao-do-nucleo-estadual-de-gestao-estrategica-em-seguranca-do-paciente\/","title":{"rendered":"Agevisa integra projeto de cria\u00e7\u00e3o do N\u00facleo Estadual de Gest\u00e3o Estrat\u00e9gica em Seguran\u00e7a do Paciente"},"content":{"rendered":"<p>A Ag\u00eancia Estadual de Vigil\u00e2ncia Sanit\u00e1ria est\u00e1 integrada ao projeto que visa \u00e0 implanta\u00e7\u00e3o do N\u00facleo Estadual de Gest\u00e3o Estrat\u00e9gica em Seguran\u00e7a do Paciente (Negesp), inst\u00e2ncia destinada a apoiar todos os departamentos da Secretaria de Estado da Sa\u00fade (SES\/PB) na defini\u00e7\u00e3o e desenvolvimento de estrat\u00e9gias e indicadores de Seguran\u00e7a do Paciente para a Rede de Aten\u00e7\u00e3o \u00e0 Sa\u00fade, bem como para apoiar e subsidiar o secret\u00e1rio de Estado da Sa\u00fade\u00a0nas tomadas de decis\u00f5es baseada em dados, segundo informou a\u00a0assessora t\u00e9cnica do Conselho Nacional de Secret\u00e1rios de Sa\u00fade (Conass) e coordenadora da C\u00e2mara T\u00e9cnica de Qualidade no Cuidado de Seguran\u00e7a do Paciente, Carla Ulhoa.<\/p>\n<p>As discuss\u00f5es sobre o tema est\u00e3o ocorrendo em Oficina promovida pela SES\/PB, em conjunto com Conass, com a participa\u00e7\u00e3o de representantes da \u00e1rea t\u00e9cnica da Rede de Aten\u00e7\u00e3o \u00e0 Sa\u00fade do Estado. Os trabalhos foram iniciados na manh\u00e3 de segunda-feira (07), no Audit\u00f3rio do Hemocentro\/PB, em Jo\u00e3o Pessoa, e t\u00eam encerramento previsto para o final da tarde desta ter\u00e7a-feira (08).<\/p>\n<p>Nos trabalhos de abertura do evento, a\u00a0<span lang=\"PT\">gerente-t\u00e9cnica de Inspe\u00e7\u00e3o e Controle de Sangue e Hemoderivados e\u00a0<\/span>coordenadora estadual do N\u00facleo de Seguran\u00e7a do Paciente da Agevisa\/PB, Polianna Estrela, apresentou um diagn\u00f3stico situacional de como \u00e9 tratada a quest\u00e3o da seguran\u00e7a do paciente na Agevisa e ressaltou a constata\u00e7\u00e3o, expressa em Relat\u00f3rio Nacional publicado pela Anvisa, de que a Para\u00edba \u00e9 o quarto Estado da Federa\u00e7\u00e3o e o primeiro das regi\u00f5es Norte e Nordeste no Ranking de melhor gest\u00e3o sanit\u00e1ria da seguran\u00e7a do paciente, ficando atr\u00e1s apenas do Distrito Federal e dos Estados do Mato Grosso do Sul e de Goi\u00e1s.<\/p>\n","protected":false},"excerpt":{"rendered":"<p>A Ag\u00eancia Estadual de Vigil\u00e2ncia Sanit\u00e1ria est\u00e1 integrada ao projeto que visa \u00e0 implanta\u00e7\u00e3o do N\u00facleo Estadual de Gest\u00e3o Estrat\u00e9gica em Seguran\u00e7a do Paciente (Negesp), inst\u00e2ncia destinada a apoiar todos os departamentos da Secretaria de Estado da Sa\u00fade (SES\/PB) na defini\u00e7\u00e3o e desenvolvimento de estrat\u00e9gias e indicadores de Seguran\u00e7a do Paciente para a Rede de &hellip;<\/p>\n","protected":false},"author":1,"featured_media":116528,"comment_status":"open","ping_status":"open","sticky":false,"template":"","format":"standard","meta":{"footnotes":""},"categories":[3],"tags":[],"class_list":["post-134887","post","type-post","status-publish","format-standard","has-post-thumbnail","hentry","category-nordeste"],"_links":{"self":[{"href":"https:\/\/iparaiba.com.br\/index.php\/wp-json\/wp\/v2\/posts\/134887","targetHints":{"allow":["GET"]}}],"collection":[{"href":"https:\/\/iparaiba.com.br\/index.php\/wp-json\/wp\/v2\/posts"}],"about":[{"href":"https:\/\/iparaiba.com.br\/index.php\/wp-json\/wp\/v2\/types\/post"}],"author":[{"embeddable":true,"href":"https:\/\/iparaiba.com.br\/index.php\/wp-json\/wp\/v2\/users\/1"}],"replies":[{"embeddable":true,"href":"https:\/\/iparaiba.com.br\/index.php\/wp-json\/wp\/v2\/comments?post=134887"}],"version-history":[{"count":0,"href":"https:\/\/iparaiba.com.br\/index.php\/wp-json\/wp\/v2\/posts\/134887\/revisions"}],"wp:featuredmedia":[{"embeddable":true,"href":"https:\/\/iparaiba.com.br\/index.php\/wp-json\/wp\/v2\/media\/116528"}],"wp:attachment":[{"href":"https:\/\/iparaiba.com.br\/index.php\/wp-json\/wp\/v2\/media?parent=134887"}],"wp:term":[{"taxonomy":"category","embeddable":true,"href":"https:\/\/iparaiba.com.br\/index.php\/wp-json\/wp\/v2\/categories?post=134887"},{"taxonomy":"post_tag","embeddable":true,"href":"https:\/\/iparaiba.com.br\/index.php\/wp-json\/wp\/v2\/tags?post=134887"}],"curies":[{"name":"wp","href":"https:\/\/api.w.org\/{rel}","templated":true}]}}