{"id":134886,"date":"2025-04-09T12:06:01","date_gmt":"2025-04-09T15:06:01","guid":{"rendered":"https:\/\/onordeste.com.br\/?p=134843"},"modified":"2025-04-09T12:06:01","modified_gmt":"2025-04-09T15:06:01","slug":"analise-da-participacao-de-termoeletricas-na-matriz-nacional-e-concluida-pelo-tcu","status":"publish","type":"post","link":"https:\/\/iparaiba.com.br\/index.php\/2025\/04\/09\/analise-da-participacao-de-termoeletricas-na-matriz-nacional-e-concluida-pelo-tcu\/","title":{"rendered":"An\u00e1lise da participa\u00e7\u00e3o de termoel\u00e9tricas na matriz nacional \u00e9 conclu\u00edda pelo TCU"},"content":{"rendered":"<p>O Tribunal de Contas da Uni\u00e3o (TCU) analisou, na sess\u00e3o plen\u00e1ria do dia 2 de abril, o processo sobre a participa\u00e7\u00e3o das usinas termoel\u00e9tricas na matriz el\u00e9trica nacional. Os ministros consideraram cumpridas as determina\u00e7\u00f5es de que fossem feitas\u00a0<strong>avalia\u00e7\u00f5es comparativas de uso de fontes t\u00e9rmicas para garantir o fornecimento de energia<\/strong>\u00a0e an\u00e1lises de princ\u00edpios de neutralidade para atender ao interesse p\u00fablico e de impactos ambientais. As determina\u00e7\u00f5es s\u00e3o parte do<a href=\"https:\/\/pesquisa.apps.tcu.gov.br\/documento\/acordao-completo\/*\/NUMACORDAO%253A4070%2520ANOACORDAO%253A2020%2520\/DTRELEVANCIA%2520desc%252C%2520NUMACORDAOINT%2520desc\/0\">\u00a0Ac\u00f3rd\u00e3o 4070\/2020<\/a>\u00a0&#8211; Plen\u00e1rio, de relatoria da ent\u00e3o ministra Ana Arraes.<\/p>\n<p>No ac\u00f3rd\u00e3o proferido no \u00faltimo 2 de abril (<a href=\"https:\/\/pesquisa.apps.tcu.gov.br\/documento\/acordao-completo\/*\/NUMACORDAO%253A768%2520ANOACORDAO%253A2025%2520\/DTRELEVANCIA%2520desc%252C%2520NUMACORDAOINT%2520desc\/0\">Ac\u00f3rd\u00e3o 768\/2025 &#8211; Plen\u00e1rio<\/a>), o relator, ministro Jorge Oliveira, explicou que foi feita uma an\u00e1lise qualitativa e comparativa em rela\u00e7\u00e3o aos custos de opera\u00e7\u00e3o e investimentos da<strong>\u00a0participa\u00e7\u00e3o das termoel\u00e9tricas na expans\u00e3o de gera\u00e7\u00e3o el\u00e9trica.<\/strong>\u00a0Assim como foram analisadas as emiss\u00f5es de gases do efeito estufa em diferentes cen\u00e1rios. As duas an\u00e1lises levaram em considera\u00e7\u00e3o dados p\u00fablicos do setor, especialmente os detalhados no Plano Decenal de Expans\u00e3o de Energia (PDE).<\/p>\n","protected":false},"excerpt":{"rendered":"<p>O Tribunal de Contas da Uni\u00e3o (TCU) analisou, na sess\u00e3o plen\u00e1ria do dia 2 de abril, o processo sobre a participa\u00e7\u00e3o das usinas termoel\u00e9tricas na matriz el\u00e9trica nacional. Os ministros consideraram cumpridas as determina\u00e7\u00f5es de que fossem feitas\u00a0avalia\u00e7\u00f5es comparativas de uso de fontes t\u00e9rmicas para garantir o fornecimento de energia\u00a0e an\u00e1lises de princ\u00edpios de neutralidade &hellip;<\/p>\n","protected":false},"author":1,"featured_media":108116,"comment_status":"open","ping_status":"open","sticky":false,"template":"","format":"standard","meta":{"footnotes":""},"categories":[7],"tags":[],"class_list":["post-134886","post","type-post","status-publish","format-standard","has-post-thumbnail","hentry","category-diversas"],"_links":{"self":[{"href":"https:\/\/iparaiba.com.br\/index.php\/wp-json\/wp\/v2\/posts\/134886","targetHints":{"allow":["GET"]}}],"collection":[{"href":"https:\/\/iparaiba.com.br\/index.php\/wp-json\/wp\/v2\/posts"}],"about":[{"href":"https:\/\/iparaiba.com.br\/index.php\/wp-json\/wp\/v2\/types\/post"}],"author":[{"embeddable":true,"href":"https:\/\/iparaiba.com.br\/index.php\/wp-json\/wp\/v2\/users\/1"}],"replies":[{"embeddable":true,"href":"https:\/\/iparaiba.com.br\/index.php\/wp-json\/wp\/v2\/comments?post=134886"}],"version-history":[{"count":0,"href":"https:\/\/iparaiba.com.br\/index.php\/wp-json\/wp\/v2\/posts\/134886\/revisions"}],"wp:featuredmedia":[{"embeddable":true,"href":"https:\/\/iparaiba.com.br\/index.php\/wp-json\/wp\/v2\/media\/108116"}],"wp:attachment":[{"href":"https:\/\/iparaiba.com.br\/index.php\/wp-json\/wp\/v2\/media?parent=134886"}],"wp:term":[{"taxonomy":"category","embeddable":true,"href":"https:\/\/iparaiba.com.br\/index.php\/wp-json\/wp\/v2\/categories?post=134886"},{"taxonomy":"post_tag","embeddable":true,"href":"https:\/\/iparaiba.com.br\/index.php\/wp-json\/wp\/v2\/tags?post=134886"}],"curies":[{"name":"wp","href":"https:\/\/api.w.org\/{rel}","templated":true}]}}