{"id":134884,"date":"2025-04-09T12:01:14","date_gmt":"2025-04-09T15:01:14","guid":{"rendered":"https:\/\/onordeste.com.br\/?p=134839"},"modified":"2025-04-09T12:01:14","modified_gmt":"2025-04-09T15:01:14","slug":"legislativo-municipal-aprova-71-projetos","status":"publish","type":"post","link":"https:\/\/iparaiba.com.br\/index.php\/2025\/04\/09\/legislativo-municipal-aprova-71-projetos\/","title":{"rendered":"Legislativo municipal aprova 71 projetos"},"content":{"rendered":"<p>Na 23\u00aa Sess\u00e3o Ordin\u00e1ria da C\u00e2mara Municipal de Campina Grande, realizada com a presen\u00e7a de 21 vereadores, os trabalhos foram prolongados pelo presidente Luciano Breno e secretariados pelo vereador Saulo Noronha. A sess\u00e3o contou com participa\u00e7\u00f5es no pequeno e grande expediente, onde foram debatidas demandas da cidade, proposi\u00e7\u00f5es legislativas e temas sens\u00edveis \u00e0 popula\u00e7\u00e3o, como seguran\u00e7a p\u00fablica, bem-estar animal e infraestrutura esportiva. Ao longo da ordem do dia, foram aprovados 71 projetos, entre projetos de lei e de resolu\u00e7\u00e3o, de autoria de diversos parlamentares.<\/p>\n<p>Rostand Para\u00edba solicita ao secret\u00e1rio de Esporte a limpeza dos campos pelados e com rela\u00e7\u00e3o \u00e0 Vila Ol\u00edmpica do Pl\u00ednio Lemos, destacou que o local est\u00e1 sem condi\u00e7\u00f5es de competi\u00e7\u00f5es sediadas. Relatou um incidente recente em que um jogador se chocou com um alambrado e precisou ser socorrido pelo SAMU. O vereador tamb\u00e9m pediu ao gestor municipal a cria\u00e7\u00e3o das arenas esportivas j\u00e1 aprovadas pela C\u00e2mara, enfatizando a import\u00e2ncia desses espa\u00e7os para a realiza\u00e7\u00e3o de campeonatos, como por exemplo, da Copa Campina. Dinho Papa-L\u00e9guas, em resposta \u00e0 demanda do vereador, informou que j\u00e1 dialogou com o secret\u00e1rio de Esporte, que se comprometeu com a limpeza dos espa\u00e7os e com a resolu\u00e7\u00e3o do problema relacionado ao alambrado da Vila Ol\u00edmpica do Pl\u00ednio Lemos.<\/p>\n<p>Wal\u00e9ria Assun\u00e7\u00e3o registrou a passagem do Dia do Jornalista, comemorado em 07 de abril, ressaltando a import\u00e2ncia da profiss\u00e3o para a democracia e destacando o papel do jornalismo como instrumento de voz para o povo. A vereadora tamb\u00e9m investe projetos de lei de sua autoria que ser\u00e3o votados na manh\u00e3 de hoje, direcionados \u00e0 causa animal e \u00e0 proposta que trata da transpar\u00eancia em obras p\u00fablicas, com a inclus\u00e3o de QR CODES nas placas informativas, permitindo \u00e0 popula\u00e7\u00e3o o acompanhamento dos investimentos e do andamento das constru\u00e7\u00f5es.<\/p>\n<p>Alexandre Pereira relatou visita ao bairro Portal Sudoeste, na semana passada, onde acompanhou, ao lado do secret\u00e1rio Dorgival Villar, os trabalhos da SESUMA, como limpeza de terrenos, opera\u00e7\u00e3o tapa-buracos e outras a\u00e7\u00f5es. Em seguida, criticou a aus\u00eancia de seguran\u00e7a p\u00fablica por parte do Governo do Estado, citando casos recentes de viol\u00eancia, como uma tentativa de assalto no A\u00e7ude Velho, em que um cidad\u00e3o foi alvejado com dois disparos, e o epis\u00f3dio ocorrido na UEPB, que resultou na morte de uma das v\u00edtimas. Alexandre alertou para a crescente sensa\u00e7\u00e3o de inseguran\u00e7a da popula\u00e7\u00e3o, destacando que muitos cidad\u00e3os consideraram registrar mais boletins de ocorr\u00eancia por furtos de celulares. Segundo ele, o governo tenta transmitir uma imagem de seguran\u00e7a que n\u00e3o condiz com a realidade v\u00edvida nas ruas.<\/p>\n","protected":false},"excerpt":{"rendered":"<p>Na 23\u00aa Sess\u00e3o Ordin\u00e1ria da C\u00e2mara Municipal de Campina Grande, realizada com a presen\u00e7a de 21 vereadores, os trabalhos foram prolongados pelo presidente Luciano Breno e secretariados pelo vereador Saulo Noronha. A sess\u00e3o contou com participa\u00e7\u00f5es no pequeno e grande expediente, onde foram debatidas demandas da cidade, proposi\u00e7\u00f5es legislativas e temas sens\u00edveis \u00e0 popula\u00e7\u00e3o, como &hellip;<\/p>\n","protected":false},"author":1,"featured_media":115500,"comment_status":"open","ping_status":"open","sticky":false,"template":"","format":"standard","meta":{"footnotes":""},"categories":[8],"tags":[],"class_list":["post-134884","post","type-post","status-publish","format-standard","has-post-thumbnail","hentry","category-politica"],"_links":{"self":[{"href":"https:\/\/iparaiba.com.br\/index.php\/wp-json\/wp\/v2\/posts\/134884","targetHints":{"allow":["GET"]}}],"collection":[{"href":"https:\/\/iparaiba.com.br\/index.php\/wp-json\/wp\/v2\/posts"}],"about":[{"href":"https:\/\/iparaiba.com.br\/index.php\/wp-json\/wp\/v2\/types\/post"}],"author":[{"embeddable":true,"href":"https:\/\/iparaiba.com.br\/index.php\/wp-json\/wp\/v2\/users\/1"}],"replies":[{"embeddable":true,"href":"https:\/\/iparaiba.com.br\/index.php\/wp-json\/wp\/v2\/comments?post=134884"}],"version-history":[{"count":0,"href":"https:\/\/iparaiba.com.br\/index.php\/wp-json\/wp\/v2\/posts\/134884\/revisions"}],"wp:featuredmedia":[{"embeddable":true,"href":"https:\/\/iparaiba.com.br\/index.php\/wp-json\/wp\/v2\/media\/115500"}],"wp:attachment":[{"href":"https:\/\/iparaiba.com.br\/index.php\/wp-json\/wp\/v2\/media?parent=134884"}],"wp:term":[{"taxonomy":"category","embeddable":true,"href":"https:\/\/iparaiba.com.br\/index.php\/wp-json\/wp\/v2\/categories?post=134884"},{"taxonomy":"post_tag","embeddable":true,"href":"https:\/\/iparaiba.com.br\/index.php\/wp-json\/wp\/v2\/tags?post=134884"}],"curies":[{"name":"wp","href":"https:\/\/api.w.org\/{rel}","templated":true}]}}