{"id":134881,"date":"2025-04-11T16:00:31","date_gmt":"2025-04-11T19:00:31","guid":{"rendered":"https:\/\/onordeste.com.br\/?p=134881"},"modified":"2025-04-11T16:00:31","modified_gmt":"2025-04-11T19:00:31","slug":"expoautismo-2025prefeitura-realiza-ultimos-preparativos","status":"publish","type":"post","link":"https:\/\/iparaiba.com.br\/index.php\/2025\/04\/11\/expoautismo-2025prefeitura-realiza-ultimos-preparativos\/","title":{"rendered":"ExpoAutismo 2025:Prefeitura realiza \u00faltimos preparativos"},"content":{"rendered":"<p style=\"font-weight: 400;\">A terceira edi\u00e7\u00e3o da Expoautismo est\u00e1 passando pelos \u00faltimos preparativos nesta semana, atrav\u00e9s da Prefeitura de Campina Grande, por meio da Ger\u00eancia da Pessoa com Defici\u00eancia (PcD), ligada \u00e0 Secretaria Municipal de Assist\u00eancia Social (Semas). Nesta quarta-feira, 09, a equipe organizadora realizou uma visita ao Parque Evaldo Cruz, para viabilizar as demandas do evento no espa\u00e7o do Quadrilh\u00f3dromo.<\/p>\n<p style=\"font-weight: 400;\">A visita foi realizada em conjunto com equipes ligadas \u00e0 segunda edi\u00e7\u00e3o do TEAcolho, evento no qual a Expoautismo integrar\u00e1 pelo segundo ano consecutivo, fazendo alus\u00e3o ao m\u00eas da Conscientiza\u00e7\u00e3o do Autismo. As inscri\u00e7\u00f5es, encerradas em 31 de mar\u00e7o, resultaram em 80 pessoas cadastradas para a exposi\u00e7\u00e3o, sendo 64 da comunidade em geral e 16 de alunos da Rede Municipal de Ensino.<\/p>\n<p style=\"font-weight: 400;\">No local, haver\u00e1 apresenta\u00e7\u00e3o de dan\u00e7a, m\u00fasica, pinturas, desenhos, poesias, entre outros. A apresenta\u00e7\u00e3o do evento ser\u00e1 realizada por uma das crian\u00e7as autistas, integrando o momento como um todo de destaque para o p\u00fablico ao qual a a\u00e7\u00e3o \u00e9 voltada. Um dos diferenciais na exposi\u00e7\u00e3o deste ano \u00e9 que, de manh\u00e3, a cantora Stella Alves estar\u00e1 animando a programa\u00e7\u00e3o, j\u00e1 \u00e0 tarde, a banda de forr\u00f3 Ananias, tocar\u00e1 para os participantes.<\/p>\n<p style=\"font-weight: 400;\">Conforme a gerente Edna Silva, da Ger\u00eancia PcD, o momento ser\u00e1 muito especial. \u201cProporcionar para as fam\u00edlias participantes e as pessoas que v\u00e3o prestigiar o evento \u00e9 algo que \u00e9 imensur\u00e1vel afetivamente, porque sabemos da necessidade de cada vez mais estar incluindo as pessoas com autismo no meio social como um todo. Ser\u00e1 um momento \u00fanico e a expectativa \u00e9 a melhor poss\u00edvel\u201d, disse a gerente.<\/p>\n<p style=\"font-weight: 400;\">O secret\u00e1rio da Semas, Fabio Thoma, refor\u00e7ou a import\u00e2ncia dessa a\u00e7\u00e3o. \u201cEsse \u00e9 mais um evento que faremos neste m\u00eas para dar visibilidade \u00e0s pessoas com autismo. \u00c9 com muita alegria que organizamos um espa\u00e7o s\u00f3 para eles, dando destaque aos talentos de cada um e proporcionando v\u00e1rias apresenta\u00e7\u00f5es para a comunidade em geral, de forma a promover mais integra\u00e7\u00e3o e inclus\u00e3o social\u201d, finalizou o secret\u00e1rio.<\/p>\n<p style=\"font-weight: 400;\">O TEAcolho \u00e9 uma a\u00e7\u00e3o voltada para pessoas com Transtorno do Espectro Autista (TEA). As atividades ser\u00e3o desenvolvidas no Parque Evaldo Cruz (A\u00e7ude Novo) no dia 11. Entre os servi\u00e7os ofertados haver\u00e1, al\u00e9m da Expoautismo, servi\u00e7os de autocuidado, brinquedoteca, oficina de recursos, Circuito Motor, espa\u00e7o sensorial, oficina de pintura, oficina de rob\u00f3tica, unidade m\u00f3vel do Hospital de Amor, Odontom\u00f3vel, oficina de terapia ocupacional e a a\u00e7\u00e3o La\u00e7o e est\u00edmulo: o poder do brincar.<\/p>\n","protected":false},"excerpt":{"rendered":"<p>A terceira edi\u00e7\u00e3o da Expoautismo est\u00e1 passando pelos \u00faltimos preparativos nesta semana, atrav\u00e9s da Prefeitura de Campina Grande, por meio da Ger\u00eancia da Pessoa com Defici\u00eancia (PcD), ligada \u00e0 Secretaria Municipal de Assist\u00eancia Social (Semas). Nesta quarta-feira, 09, a equipe organizadora realizou uma visita ao Parque Evaldo Cruz, para viabilizar as demandas do evento no &hellip;<\/p>\n","protected":false},"author":1,"featured_media":101482,"comment_status":"open","ping_status":"open","sticky":false,"template":"","format":"standard","meta":{"footnotes":""},"categories":[6],"tags":[],"class_list":["post-134881","post","type-post","status-publish","format-standard","has-post-thumbnail","hentry","category-destaques"],"_links":{"self":[{"href":"https:\/\/iparaiba.com.br\/index.php\/wp-json\/wp\/v2\/posts\/134881","targetHints":{"allow":["GET"]}}],"collection":[{"href":"https:\/\/iparaiba.com.br\/index.php\/wp-json\/wp\/v2\/posts"}],"about":[{"href":"https:\/\/iparaiba.com.br\/index.php\/wp-json\/wp\/v2\/types\/post"}],"author":[{"embeddable":true,"href":"https:\/\/iparaiba.com.br\/index.php\/wp-json\/wp\/v2\/users\/1"}],"replies":[{"embeddable":true,"href":"https:\/\/iparaiba.com.br\/index.php\/wp-json\/wp\/v2\/comments?post=134881"}],"version-history":[{"count":1,"href":"https:\/\/iparaiba.com.br\/index.php\/wp-json\/wp\/v2\/posts\/134881\/revisions"}],"predecessor-version":[{"id":134905,"href":"https:\/\/iparaiba.com.br\/index.php\/wp-json\/wp\/v2\/posts\/134881\/revisions\/134905"}],"wp:featuredmedia":[{"embeddable":true,"href":"https:\/\/iparaiba.com.br\/index.php\/wp-json\/wp\/v2\/media\/101482"}],"wp:attachment":[{"href":"https:\/\/iparaiba.com.br\/index.php\/wp-json\/wp\/v2\/media?parent=134881"}],"wp:term":[{"taxonomy":"category","embeddable":true,"href":"https:\/\/iparaiba.com.br\/index.php\/wp-json\/wp\/v2\/categories?post=134881"},{"taxonomy":"post_tag","embeddable":true,"href":"https:\/\/iparaiba.com.br\/index.php\/wp-json\/wp\/v2\/tags?post=134881"}],"curies":[{"name":"wp","href":"https:\/\/api.w.org\/{rel}","templated":true}]}}