{"id":134879,"date":"2025-04-11T12:00:42","date_gmt":"2025-04-11T15:00:42","guid":{"rendered":"https:\/\/onordeste.com.br\/?p=134877"},"modified":"2025-04-11T12:00:42","modified_gmt":"2025-04-11T15:00:42","slug":"casa-da-cidadania-tera-novo-endereco","status":"publish","type":"post","link":"https:\/\/iparaiba.com.br\/index.php\/2025\/04\/11\/casa-da-cidadania-tera-novo-endereco\/","title":{"rendered":"Casa da Cidadania ter\u00e1 novo endere\u00e7o"},"content":{"rendered":"<p>A Casa da Cidadania de Campina Grande passar\u00e1 por mudan\u00e7as significativas nos pr\u00f3ximos dias. Em entrevista \u00e0 R\u00e1dio Caturit\u00e9 FM, o gerente da unidade, Jos\u00e9 Coelho (foto), falou sobre a reforma da antiga sede, localizada no A\u00e7ude Velho, e anunciou a nova localiza\u00e7\u00e3o da estrutura, que funcionar\u00e1 em um espa\u00e7o moderno e acess\u00edvel no Shopping SitMix, na rua Get\u00falio Vargas, no Centro.<\/p>\n<p>\u201cA unidade do A\u00e7ude Velho ainda est\u00e1 passando pela reforma, onde ser\u00e1 instalado outro \u00f3rg\u00e3o do governo. Fala-se na possibilidade de ser a Casa do Trabalhador, mas ainda est\u00e1 em defini\u00e7\u00e3o. J\u00e1 a nova sede da Casa da Cidadania vai funcionar na rua Get\u00falio Vargas, onde est\u00e1 sendo inaugurado o Shopping SitMix, em frente \u00e0 Caixa Econ\u00f4mica Federal. A estrutura j\u00e1 est\u00e1 praticamente conclu\u00edda, com instala\u00e7\u00f5es, m\u00f3veis e equipamentos organizados\u201d, afirmou Coelho.<\/p>\n<p>Segundo o gerente, todos os servi\u00e7os anteriormente oferecidos na Casa da Cidadania do A\u00e7ude Velho ser\u00e3o transferidos para o novo local. Entre eles, a emiss\u00e3o de RG, o atendimento do Sine, a Defensoria P\u00fablica e outros \u00f3rg\u00e3os parceiros. A previs\u00e3o \u00e9 que a mudan\u00e7a ocorra at\u00e9 o final de abril, ou no mais tardar, no in\u00edcio de maio..<\/p>\n<p>Paraibaonline<\/p>\n","protected":false},"excerpt":{"rendered":"<p>A Casa da Cidadania de Campina Grande passar\u00e1 por mudan\u00e7as significativas nos pr\u00f3ximos dias. Em entrevista \u00e0 R\u00e1dio Caturit\u00e9 FM, o gerente da unidade, Jos\u00e9 Coelho (foto), falou sobre a reforma da antiga sede, localizada no A\u00e7ude Velho, e anunciou a nova localiza\u00e7\u00e3o da estrutura, que funcionar\u00e1 em um espa\u00e7o moderno e acess\u00edvel no Shopping &hellip;<\/p>\n","protected":false},"author":1,"featured_media":134039,"comment_status":"open","ping_status":"open","sticky":false,"template":"","format":"standard","meta":{"footnotes":""},"categories":[7],"tags":[],"class_list":["post-134879","post","type-post","status-publish","format-standard","has-post-thumbnail","hentry","category-diversas"],"_links":{"self":[{"href":"https:\/\/iparaiba.com.br\/index.php\/wp-json\/wp\/v2\/posts\/134879","targetHints":{"allow":["GET"]}}],"collection":[{"href":"https:\/\/iparaiba.com.br\/index.php\/wp-json\/wp\/v2\/posts"}],"about":[{"href":"https:\/\/iparaiba.com.br\/index.php\/wp-json\/wp\/v2\/types\/post"}],"author":[{"embeddable":true,"href":"https:\/\/iparaiba.com.br\/index.php\/wp-json\/wp\/v2\/users\/1"}],"replies":[{"embeddable":true,"href":"https:\/\/iparaiba.com.br\/index.php\/wp-json\/wp\/v2\/comments?post=134879"}],"version-history":[{"count":1,"href":"https:\/\/iparaiba.com.br\/index.php\/wp-json\/wp\/v2\/posts\/134879\/revisions"}],"predecessor-version":[{"id":134903,"href":"https:\/\/iparaiba.com.br\/index.php\/wp-json\/wp\/v2\/posts\/134879\/revisions\/134903"}],"wp:featuredmedia":[{"embeddable":true,"href":"https:\/\/iparaiba.com.br\/index.php\/wp-json\/wp\/v2\/media\/134039"}],"wp:attachment":[{"href":"https:\/\/iparaiba.com.br\/index.php\/wp-json\/wp\/v2\/media?parent=134879"}],"wp:term":[{"taxonomy":"category","embeddable":true,"href":"https:\/\/iparaiba.com.br\/index.php\/wp-json\/wp\/v2\/categories?post=134879"},{"taxonomy":"post_tag","embeddable":true,"href":"https:\/\/iparaiba.com.br\/index.php\/wp-json\/wp\/v2\/tags?post=134879"}],"curies":[{"name":"wp","href":"https:\/\/api.w.org\/{rel}","templated":true}]}}