{"id":134876,"date":"2025-04-11T06:00:13","date_gmt":"2025-04-11T09:00:13","guid":{"rendered":"https:\/\/onordeste.com.br\/?p=134871"},"modified":"2025-04-11T06:00:13","modified_gmt":"2025-04-11T09:00:13","slug":"uepb-inicia-processo-seletivo-para-admissao","status":"publish","type":"post","link":"https:\/\/iparaiba.com.br\/index.php\/2025\/04\/11\/uepb-inicia-processo-seletivo-para-admissao\/","title":{"rendered":"UEPB inicia processo seletivo para admiss\u00e3o"},"content":{"rendered":"<p>A Pr\u00f3-reitoria de Gradua\u00e7\u00e3o da Universidade Estadual da Para\u00edba (UEPB) divulgou o edital com 539 vagas para o processo de sele\u00e7\u00e3o de estudantes j\u00e1 graduados em cursos de ensino superior. A inscri\u00e7\u00e3o para o semestre letivo 2025.2 acontecer\u00e1 das 12h desta ter\u00e7a-feira (8) at\u00e9 as 12h da pr\u00f3xima quarta-feira (23).<\/p>\n<p>Os interessados em participar do processo seletivo devem ficar atentos ao cronograma, quadro de vagas e demais detalhes. Existem oportunidades de cursos nas cidades de Araruna, Campina Grande, Catol\u00e9 do Rocha, Guarabira, Lagoa Seca, Monteiro, Jo\u00e3o Pessoa e Patos.<\/p>\n<p>O resultado final da sele\u00e7\u00e3o est\u00e1 previsto para ser divulgado no dia 19 de maio. As informa\u00e7\u00f5es sobre o processo seletivo est\u00e3o dispon\u00edveis no edital:\u00a0<a href=\"https:\/\/uepb.edu.br\/download\/prograd-ingresso-de-graduados-2025-2-edital\/?wpdmdl=98396&amp;masterkey=i8T6bCLKzco9UQY74BS7icc0bod-50CKGtUS2wHpSulvMuNqENIeB2Ql304JkvV9iz3Jz9amnomsdMVV45R0gZk-pHhMd3inYY22HBl_GiU\" target=\"_blank\" rel=\"noreferrer noopener\">LINK<\/a>.<\/p>\n","protected":false},"excerpt":{"rendered":"<p>A Pr\u00f3-reitoria de Gradua\u00e7\u00e3o da Universidade Estadual da Para\u00edba (UEPB) divulgou o edital com 539 vagas para o processo de sele\u00e7\u00e3o de estudantes j\u00e1 graduados em cursos de ensino superior. A inscri\u00e7\u00e3o para o semestre letivo 2025.2 acontecer\u00e1 das 12h desta ter\u00e7a-feira (8) at\u00e9 as 12h da pr\u00f3xima quarta-feira (23). Os interessados em participar do &hellip;<\/p>\n","protected":false},"author":1,"featured_media":97711,"comment_status":"open","ping_status":"open","sticky":false,"template":"","format":"standard","meta":{"footnotes":""},"categories":[11],"tags":[],"class_list":["post-134876","post","type-post","status-publish","format-standard","has-post-thumbnail","hentry","category-educacao"],"_links":{"self":[{"href":"https:\/\/iparaiba.com.br\/index.php\/wp-json\/wp\/v2\/posts\/134876","targetHints":{"allow":["GET"]}}],"collection":[{"href":"https:\/\/iparaiba.com.br\/index.php\/wp-json\/wp\/v2\/posts"}],"about":[{"href":"https:\/\/iparaiba.com.br\/index.php\/wp-json\/wp\/v2\/types\/post"}],"author":[{"embeddable":true,"href":"https:\/\/iparaiba.com.br\/index.php\/wp-json\/wp\/v2\/users\/1"}],"replies":[{"embeddable":true,"href":"https:\/\/iparaiba.com.br\/index.php\/wp-json\/wp\/v2\/comments?post=134876"}],"version-history":[{"count":1,"href":"https:\/\/iparaiba.com.br\/index.php\/wp-json\/wp\/v2\/posts\/134876\/revisions"}],"predecessor-version":[{"id":134900,"href":"https:\/\/iparaiba.com.br\/index.php\/wp-json\/wp\/v2\/posts\/134876\/revisions\/134900"}],"wp:featuredmedia":[{"embeddable":true,"href":"https:\/\/iparaiba.com.br\/index.php\/wp-json\/wp\/v2\/media\/97711"}],"wp:attachment":[{"href":"https:\/\/iparaiba.com.br\/index.php\/wp-json\/wp\/v2\/media?parent=134876"}],"wp:term":[{"taxonomy":"category","embeddable":true,"href":"https:\/\/iparaiba.com.br\/index.php\/wp-json\/wp\/v2\/categories?post=134876"},{"taxonomy":"post_tag","embeddable":true,"href":"https:\/\/iparaiba.com.br\/index.php\/wp-json\/wp\/v2\/tags?post=134876"}],"curies":[{"name":"wp","href":"https:\/\/api.w.org\/{rel}","templated":true}]}}