{"id":134873,"date":"2025-04-10T14:00:28","date_gmt":"2025-04-10T17:00:28","guid":{"rendered":"https:\/\/onordeste.com.br\/?p=134865"},"modified":"2025-04-10T14:00:28","modified_gmt":"2025-04-10T17:00:28","slug":"publicado-edital-do-concurso-para-professor","status":"publish","type":"post","link":"https:\/\/iparaiba.com.br\/index.php\/2025\/04\/10\/publicado-edital-do-concurso-para-professor\/","title":{"rendered":"Publicado edital do concurso para professor"},"content":{"rendered":"<p>Foi publicado na edi\u00e7\u00e3o desta quarta-feira (09) do Di\u00e1rio Oficial do Estado, o edital do concurso p\u00fablico do Governo da Para\u00edba, com 2 mil vagas para professor.<\/p>\n<p>O certame ser\u00e1 realizado pelo Instituto de Desenvolvimento Educacional, Cultural e Assistencial Nacional (Idecan) e organizado pela Secretaria de Estado da Administra\u00e7\u00e3o e pela Secretaria de Estado da Educa\u00e7\u00e3o. O sal\u00e1rio inicial ser\u00e1 de R$ 6.944,09 para a jornada de 40 horas.<\/p>\n<p>As provas para professor de Educa\u00e7\u00e3o B\u00e1sica 4 ser\u00e3o aplicadas nas 16 cidades-sede das regionais, simultaneamente, conforme cronograma previsto no edital, e a taxa de inscri\u00e7\u00e3o ser\u00e1 \u00fanica para as 13 disciplinas, no valor de R$ 120,00.<\/p>\n<p>As 2 mil vagas ser\u00e3o distribu\u00eddas nas disciplinas de Artes (144), Biologia (89), Educa\u00e7\u00e3o F\u00edsica (207), Filosofia (30), F\u00edsica (91), Geografia (165), Hist\u00f3ria (194), L\u00ednguas Espanhola (74), Inglesa (124) e Portuguesa (375), Matem\u00e1tica (383), Qu\u00edmica (80) e Sociologia (44).<\/p>\n<p>Confira\u00a0<a href=\"https:\/\/auniao.pb.gov.br\/servicos\/doe\/2025-1\/abril\/diario-oficial-09-04-2025-portal.pdf\">AQUI\u00a0<\/a>o edital, a partir da p\u00e1gina 14.<\/p>\n","protected":false},"excerpt":{"rendered":"<p>Foi publicado na edi\u00e7\u00e3o desta quarta-feira (09) do Di\u00e1rio Oficial do Estado, o edital do concurso p\u00fablico do Governo da Para\u00edba, com 2 mil vagas para professor. O certame ser\u00e1 realizado pelo Instituto de Desenvolvimento Educacional, Cultural e Assistencial Nacional (Idecan) e organizado pela Secretaria de Estado da Administra\u00e7\u00e3o e pela Secretaria de Estado da &hellip;<\/p>\n","protected":false},"author":1,"featured_media":102864,"comment_status":"open","ping_status":"open","sticky":false,"template":"","format":"standard","meta":{"footnotes":""},"categories":[11],"tags":[],"class_list":["post-134873","post","type-post","status-publish","format-standard","has-post-thumbnail","hentry","category-educacao"],"_links":{"self":[{"href":"https:\/\/iparaiba.com.br\/index.php\/wp-json\/wp\/v2\/posts\/134873","targetHints":{"allow":["GET"]}}],"collection":[{"href":"https:\/\/iparaiba.com.br\/index.php\/wp-json\/wp\/v2\/posts"}],"about":[{"href":"https:\/\/iparaiba.com.br\/index.php\/wp-json\/wp\/v2\/types\/post"}],"author":[{"embeddable":true,"href":"https:\/\/iparaiba.com.br\/index.php\/wp-json\/wp\/v2\/users\/1"}],"replies":[{"embeddable":true,"href":"https:\/\/iparaiba.com.br\/index.php\/wp-json\/wp\/v2\/comments?post=134873"}],"version-history":[{"count":1,"href":"https:\/\/iparaiba.com.br\/index.php\/wp-json\/wp\/v2\/posts\/134873\/revisions"}],"predecessor-version":[{"id":134897,"href":"https:\/\/iparaiba.com.br\/index.php\/wp-json\/wp\/v2\/posts\/134873\/revisions\/134897"}],"wp:featuredmedia":[{"embeddable":true,"href":"https:\/\/iparaiba.com.br\/index.php\/wp-json\/wp\/v2\/media\/102864"}],"wp:attachment":[{"href":"https:\/\/iparaiba.com.br\/index.php\/wp-json\/wp\/v2\/media?parent=134873"}],"wp:term":[{"taxonomy":"category","embeddable":true,"href":"https:\/\/iparaiba.com.br\/index.php\/wp-json\/wp\/v2\/categories?post=134873"},{"taxonomy":"post_tag","embeddable":true,"href":"https:\/\/iparaiba.com.br\/index.php\/wp-json\/wp\/v2\/tags?post=134873"}],"curies":[{"name":"wp","href":"https:\/\/api.w.org\/{rel}","templated":true}]}}