{"id":134872,"date":"2025-04-10T12:00:47","date_gmt":"2025-04-10T15:00:47","guid":{"rendered":"https:\/\/onordeste.com.br\/?p=134863"},"modified":"2025-04-10T12:00:47","modified_gmt":"2025-04-10T15:00:47","slug":"descarte-de-esgotos-na-orla-da-capital-e-debatido","status":"publish","type":"post","link":"https:\/\/iparaiba.com.br\/index.php\/2025\/04\/10\/descarte-de-esgotos-na-orla-da-capital-e-debatido\/","title":{"rendered":"Descarte de esgotos na orla da Capital \u00e9 debatido"},"content":{"rendered":"<p style=\"font-weight: 400;\">A C\u00e2mara Municipal de Jo\u00e3o Pessoa (CMJP) realizou sess\u00e3o especial para discutir a problem\u00e1tica dos constantes descartes de esgoto e dejetos na orla da Capital paraibana. O vereador F\u00e1bio Lopes (PL) prop\u00f4s a discuss\u00e3o, que contou com a participa\u00e7\u00e3o de vereadores, representantes de \u00f3rg\u00e3os ambientais e sociedade civil organizada. Participaram do debate os vereadores Milanez Neto (MDB), Marcos Henriques (PT), Odon Bezerra (PSB), Raoni Mendes (DC) e Wamberto Ulysses (Republicanos).<\/p>\n<p style=\"font-weight: 400;\">\u201cConsiderando a crescente preocupa\u00e7\u00e3o com o meio ambiente, a preserva\u00e7\u00e3o das \u00e1reas litor\u00e2neas e a qualidade de vida da popula\u00e7\u00e3o, \u00e9 imperativo que este Parlamento debata a quest\u00e3o dos despejos irregulares de esgoto no litoral pessoense. Tal situa\u00e7\u00e3o vem causando graves impactos ambientais, afastando turistas e comprometendo a sa\u00fade p\u00fablica. Diante da necessidade de elucidar a origem, criar solu\u00e7\u00f5es e apurar a responsabilidade pelo problema, propomos a presen\u00e7a de autoridades competentes para prestarem esclarecimentos, bem como discutirem medidas eficazes para a solu\u00e7\u00e3o definitiva dessa quest\u00e3o\u201d, justificou F\u00e1bio Lopes.<\/p>\n<p style=\"font-weight: 400;\">O parlamentar ressaltou que convidou as seguintes autoridades: prefeito e secret\u00e1rio de Meio Ambiente de Jo\u00e3o Pessoa; secret\u00e1rio de Meio Ambiente da Para\u00edba; representante do Minist\u00e9rio P\u00fablico; e superintendente da Cagepa. \u201cPretendemos trazer esclarecimento \u00e0 popula\u00e7\u00e3o e aos parlamentares sobre as medidas adotadas e as provid\u00eancias a serem tomadas para a resolu\u00e7\u00e3o do problema. Estamos aqui s\u00f3 com a presen\u00e7a dos representantes da Sudema, para lutar pela pauta ambiental e evitar o descarte de dejetos e lixo em nossa orla e \u00e1reas ambientais\u201d, asseverou.<\/p>\n<p style=\"font-weight: 400;\">Na ocasi\u00e3o, o vereador destacou a participa\u00e7\u00e3o da sociedade civil organizada como grande modeladora da cidade, principalmente nos temas ambientais. F\u00e1bio Lopes anunciou que vai apresentar algumas ideias para solu\u00e7\u00f5es dos problemas debatidos, tais como fossas e redes para coletas no percurso das \u00e1guas pluviais; um projeto cultural para realiza\u00e7\u00e3o de grande campanha de conscientiza\u00e7\u00e3o em defesa do meio ambiente, para normatiza\u00e7\u00e3o e normaliza\u00e7\u00e3o do descarte de lixos na cidade. O parlamentar ainda revelou que vai apresentar ao poder p\u00fablico o projeto &#8216;Linha Verde&#8217; para preserva\u00e7\u00e3o e urbaniza\u00e7\u00e3o de toda extens\u00e3o das margens do Rio Jaguaribe.<\/p>\n","protected":false},"excerpt":{"rendered":"<p>A C\u00e2mara Municipal de Jo\u00e3o Pessoa (CMJP) realizou sess\u00e3o especial para discutir a problem\u00e1tica dos constantes descartes de esgoto e dejetos na orla da Capital paraibana. O vereador F\u00e1bio Lopes (PL) prop\u00f4s a discuss\u00e3o, que contou com a participa\u00e7\u00e3o de vereadores, representantes de \u00f3rg\u00e3os ambientais e sociedade civil organizada. Participaram do debate os vereadores Milanez &hellip;<\/p>\n","protected":false},"author":1,"featured_media":102271,"comment_status":"open","ping_status":"open","sticky":false,"template":"","format":"standard","meta":{"footnotes":""},"categories":[15],"tags":[],"class_list":["post-134872","post","type-post","status-publish","format-standard","has-post-thumbnail","hentry","category-links"],"_links":{"self":[{"href":"https:\/\/iparaiba.com.br\/index.php\/wp-json\/wp\/v2\/posts\/134872","targetHints":{"allow":["GET"]}}],"collection":[{"href":"https:\/\/iparaiba.com.br\/index.php\/wp-json\/wp\/v2\/posts"}],"about":[{"href":"https:\/\/iparaiba.com.br\/index.php\/wp-json\/wp\/v2\/types\/post"}],"author":[{"embeddable":true,"href":"https:\/\/iparaiba.com.br\/index.php\/wp-json\/wp\/v2\/users\/1"}],"replies":[{"embeddable":true,"href":"https:\/\/iparaiba.com.br\/index.php\/wp-json\/wp\/v2\/comments?post=134872"}],"version-history":[{"count":1,"href":"https:\/\/iparaiba.com.br\/index.php\/wp-json\/wp\/v2\/posts\/134872\/revisions"}],"predecessor-version":[{"id":134896,"href":"https:\/\/iparaiba.com.br\/index.php\/wp-json\/wp\/v2\/posts\/134872\/revisions\/134896"}],"wp:featuredmedia":[{"embeddable":true,"href":"https:\/\/iparaiba.com.br\/index.php\/wp-json\/wp\/v2\/media\/102271"}],"wp:attachment":[{"href":"https:\/\/iparaiba.com.br\/index.php\/wp-json\/wp\/v2\/media?parent=134872"}],"wp:term":[{"taxonomy":"category","embeddable":true,"href":"https:\/\/iparaiba.com.br\/index.php\/wp-json\/wp\/v2\/categories?post=134872"},{"taxonomy":"post_tag","embeddable":true,"href":"https:\/\/iparaiba.com.br\/index.php\/wp-json\/wp\/v2\/tags?post=134872"}],"curies":[{"name":"wp","href":"https:\/\/api.w.org\/{rel}","templated":true}]}}