{"id":134870,"date":"2025-04-10T08:00:44","date_gmt":"2025-04-10T11:00:44","guid":{"rendered":"https:\/\/onordeste.com.br\/?p=134859"},"modified":"2025-04-10T08:00:44","modified_gmt":"2025-04-10T11:00:44","slug":"proposto-aperfeicoamentos-a-projeto-que-propoe-a-desjudicializacao-de-execucoes-civeis","status":"publish","type":"post","link":"https:\/\/iparaiba.com.br\/index.php\/2025\/04\/10\/proposto-aperfeicoamentos-a-projeto-que-propoe-a-desjudicializacao-de-execucoes-civeis\/","title":{"rendered":"Proposto aperfei\u00e7oamentos a projeto que prop\u00f5e a desjudicializa\u00e7\u00e3o de execu\u00e7\u00f5es c\u00edveis"},"content":{"rendered":"<p>O presidente do Conselho Federal da OAB, Beto Simonetti, recebeu o senador Marcos Rog\u00e9rio (PL-RO) para dialogar sobre o <a href=\"https:\/\/www25.senado.leg.br\/web\/atividade\/materias\/-\/materia\/139971\" target=\"_blank\" rel=\"noopener\">Projeto de Lei (PL) 6.204\/2019<\/a>, que trata da desjudicializa\u00e7\u00e3o das execu\u00e7\u00f5es civis de t\u00edtulos executivos judiciais e extrajudiciais.<\/p>\n<p>Durante a reuni\u00e3o, Simonetti destacou que a Ordem \u00e9 favor\u00e1vel a iniciativas que visem modernizar e dar maior efici\u00eancia ao Sistema de Justi\u00e7a, desde que sejam respeitadas as garantias fundamentais e assegurada a participa\u00e7\u00e3o da advocacia em benef\u00edcio da sociedade.<\/p>\n<p>\u201cNosso compromisso \u00e9 com o aperfei\u00e7oamento da Justi\u00e7a e com o fortalecimento da atua\u00e7\u00e3o da advocacia. Estamos abertos ao di\u00e1logo e \u00e0 constru\u00e7\u00e3o conjunta de solu\u00e7\u00f5es vi\u00e1veis, que assegurem tanto a efici\u00eancia quanto a seguran\u00e7a jur\u00eddica no processo de execu\u00e7\u00e3o\u201d, afirmou Simonetti.<\/p>\n<p>O encontro teve como principal objetivo sensibilizar o parlamentar quanto \u00e0 import\u00e2ncia de se buscar um texto que concilie a celeridade processual com a preserva\u00e7\u00e3o dos direitos das partes envolvidas. A OAB manifestou preocupa\u00e7\u00e3o com aspectos estruturais da proposta, especialmente no que diz respeito \u00e0 capacidade atual dos cart\u00f3rios brasileiros de absorver a nova demanda, caso o projeto seja aprovado.<\/p>\n<p>A ideia \u00e9 que este seja o in\u00edcio de um di\u00e1logo mais amplo, envolvendo outras entidades representativas da sociedade civil e das carreiras jur\u00eddicas, para que se chegue a um texto equilibrado, capaz de atender ao interesse p\u00fablico de forma respons\u00e1vel e eficaz, assegurada sempre a indispensabilidade da advocacia.<\/p>\n<p>Participaram da reuni\u00e3o a secret\u00e1ria geral da OAB, Rose Moraes; o procurador-geral, S\u00e9rgio Leonardo; o procurador nacional de Prerrogativas, Alex Sarkis; e o conselheiro federal Marcus Vinicius Jardim (AC).<\/p>\n","protected":false},"excerpt":{"rendered":"<p>O presidente do Conselho Federal da OAB, Beto Simonetti, recebeu o senador Marcos Rog\u00e9rio (PL-RO) para dialogar sobre o Projeto de Lei (PL) 6.204\/2019, que trata da desjudicializa\u00e7\u00e3o das execu\u00e7\u00f5es civis de t\u00edtulos executivos judiciais e extrajudiciais. Durante a reuni\u00e3o, Simonetti destacou que a Ordem \u00e9 favor\u00e1vel a iniciativas que visem modernizar e dar maior &hellip;<\/p>\n","protected":false},"author":1,"featured_media":97971,"comment_status":"open","ping_status":"open","sticky":false,"template":"","format":"standard","meta":{"footnotes":""},"categories":[9],"tags":[],"class_list":["post-134870","post","type-post","status-publish","format-standard","has-post-thumbnail","hentry","category-justica"],"_links":{"self":[{"href":"https:\/\/iparaiba.com.br\/index.php\/wp-json\/wp\/v2\/posts\/134870","targetHints":{"allow":["GET"]}}],"collection":[{"href":"https:\/\/iparaiba.com.br\/index.php\/wp-json\/wp\/v2\/posts"}],"about":[{"href":"https:\/\/iparaiba.com.br\/index.php\/wp-json\/wp\/v2\/types\/post"}],"author":[{"embeddable":true,"href":"https:\/\/iparaiba.com.br\/index.php\/wp-json\/wp\/v2\/users\/1"}],"replies":[{"embeddable":true,"href":"https:\/\/iparaiba.com.br\/index.php\/wp-json\/wp\/v2\/comments?post=134870"}],"version-history":[{"count":1,"href":"https:\/\/iparaiba.com.br\/index.php\/wp-json\/wp\/v2\/posts\/134870\/revisions"}],"predecessor-version":[{"id":134894,"href":"https:\/\/iparaiba.com.br\/index.php\/wp-json\/wp\/v2\/posts\/134870\/revisions\/134894"}],"wp:featuredmedia":[{"embeddable":true,"href":"https:\/\/iparaiba.com.br\/index.php\/wp-json\/wp\/v2\/media\/97971"}],"wp:attachment":[{"href":"https:\/\/iparaiba.com.br\/index.php\/wp-json\/wp\/v2\/media?parent=134870"}],"wp:term":[{"taxonomy":"category","embeddable":true,"href":"https:\/\/iparaiba.com.br\/index.php\/wp-json\/wp\/v2\/categories?post=134870"},{"taxonomy":"post_tag","embeddable":true,"href":"https:\/\/iparaiba.com.br\/index.php\/wp-json\/wp\/v2\/tags?post=134870"}],"curies":[{"name":"wp","href":"https:\/\/api.w.org\/{rel}","templated":true}]}}