{"id":134867,"date":"2025-04-09T16:00:48","date_gmt":"2025-04-09T19:00:48","guid":{"rendered":"https:\/\/onordeste.com.br\/?p=134853"},"modified":"2025-04-09T16:00:48","modified_gmt":"2025-04-09T19:00:48","slug":"falta-de-agua-audiencia-publica-na-camara-debate-problema-recorrente","status":"publish","type":"post","link":"https:\/\/iparaiba.com.br\/index.php\/2025\/04\/09\/falta-de-agua-audiencia-publica-na-camara-debate-problema-recorrente\/","title":{"rendered":"Falta de \u00e1gua: Audi\u00eancia P\u00fablica na C\u00e2mara debate problema recorrente"},"content":{"rendered":"<p>A C\u00e2mara Municipal de Campina Grande realizou uma Audi\u00eancia P\u00fablica para discutir a constante falta de \u00e1gua em diversos bairros e distritos da cidade. A sess\u00e3o foi presidida pela vereadora Wal\u00e9ria Assun\u00e7\u00e3o (PSB) e secretariada pelo vereador Anderson Almeida (PSB). O autor da proposi\u00e7\u00e3o foi o vereador Alexandre do Sindicato (Uni\u00e3o Brasil). Estiveram presentes, vereadores, membros da sociedade. A mesa foi composta por: Luc\u00edlio Vieira, gerente regional da CAGEPA; J\u00e9ssica Priscila Santana Cavalcante, diretora de controle Urbano e representante da CEPLAN; Gustavo Ulisses Engenheiro fiscal de obras e representante da SECOB; Jos\u00e9 Borges, Diretor do DNR da SECOB; Larissa Santana Batista, prefeita da prefeitura Universit\u00e1ria da UFCG Universidade Federal de Campina Grande. Dentre outros convidados<\/p>\n<p>O problema da irregularidade no abastecimento de \u00e1gua tem sido levantado recorrentemente pelos parlamentares da Casa de F\u00e9lix Ara\u00fajo. De acordo com as reclama\u00e7\u00f5es da popula\u00e7\u00e3o, os locais mais afetados incluem os bairros do Serrot\u00e3o, Bela Vista, Alto Branco, Malvinas, e os s\u00edtios Gaspar, F\u00e9lix Amaro, Capim Grande, al\u00e9m do distrito de S\u00e3o Jos\u00e9 da Mata, entre outros.<\/p>\n","protected":false},"excerpt":{"rendered":"<p>A C\u00e2mara Municipal de Campina Grande realizou uma Audi\u00eancia P\u00fablica para discutir a constante falta de \u00e1gua em diversos bairros e distritos da cidade. A sess\u00e3o foi presidida pela vereadora Wal\u00e9ria Assun\u00e7\u00e3o (PSB) e secretariada pelo vereador Anderson Almeida (PSB). O autor da proposi\u00e7\u00e3o foi o vereador Alexandre do Sindicato (Uni\u00e3o Brasil). Estiveram presentes, vereadores, &hellip;<\/p>\n","protected":false},"author":1,"featured_media":98148,"comment_status":"open","ping_status":"open","sticky":false,"template":"","format":"standard","meta":{"footnotes":""},"categories":[3],"tags":[],"class_list":["post-134867","post","type-post","status-publish","format-standard","has-post-thumbnail","hentry","category-nordeste"],"_links":{"self":[{"href":"https:\/\/iparaiba.com.br\/index.php\/wp-json\/wp\/v2\/posts\/134867","targetHints":{"allow":["GET"]}}],"collection":[{"href":"https:\/\/iparaiba.com.br\/index.php\/wp-json\/wp\/v2\/posts"}],"about":[{"href":"https:\/\/iparaiba.com.br\/index.php\/wp-json\/wp\/v2\/types\/post"}],"author":[{"embeddable":true,"href":"https:\/\/iparaiba.com.br\/index.php\/wp-json\/wp\/v2\/users\/1"}],"replies":[{"embeddable":true,"href":"https:\/\/iparaiba.com.br\/index.php\/wp-json\/wp\/v2\/comments?post=134867"}],"version-history":[{"count":1,"href":"https:\/\/iparaiba.com.br\/index.php\/wp-json\/wp\/v2\/posts\/134867\/revisions"}],"predecessor-version":[{"id":134891,"href":"https:\/\/iparaiba.com.br\/index.php\/wp-json\/wp\/v2\/posts\/134867\/revisions\/134891"}],"wp:featuredmedia":[{"embeddable":true,"href":"https:\/\/iparaiba.com.br\/index.php\/wp-json\/wp\/v2\/media\/98148"}],"wp:attachment":[{"href":"https:\/\/iparaiba.com.br\/index.php\/wp-json\/wp\/v2\/media?parent=134867"}],"wp:term":[{"taxonomy":"category","embeddable":true,"href":"https:\/\/iparaiba.com.br\/index.php\/wp-json\/wp\/v2\/categories?post=134867"},{"taxonomy":"post_tag","embeddable":true,"href":"https:\/\/iparaiba.com.br\/index.php\/wp-json\/wp\/v2\/tags?post=134867"}],"curies":[{"name":"wp","href":"https:\/\/api.w.org\/{rel}","templated":true}]}}