{"id":134866,"date":"2025-04-09T14:00:00","date_gmt":"2025-04-09T17:00:00","guid":{"rendered":"https:\/\/onordeste.com.br\/?p=134851"},"modified":"2025-04-09T14:00:00","modified_gmt":"2025-04-09T17:00:00","slug":"7a-edicao-da-corrida-do-bem-de-campina-grande","status":"publish","type":"post","link":"https:\/\/iparaiba.com.br\/index.php\/2025\/04\/09\/7a-edicao-da-corrida-do-bem-de-campina-grande\/","title":{"rendered":"7\u00aa edi\u00e7\u00e3o da Corrida do Bem de Campina Grande"},"content":{"rendered":"<p>Campina Grande se prepara para receber mais uma edi\u00e7\u00e3o da Corrida do Bem, marcada para o dia 10 de maio. O evento, que j\u00e1 faz parte do calend\u00e1rio da cidade, combina esporte, m\u00fasica e solidariedade. A concentra\u00e7\u00e3o ser\u00e1 \u00e0s 14h, na Avenida Bras\u00edlia, com percursos de 3 km, 5 km e 10 km, voltados para diferentes perfis de participantes.<\/p>\n<p>As inscri\u00e7\u00f5es est\u00e3o abertas e podem ser feitas no site www.hospitaldafap.org.br, ao custo de R$ 60,00. Toda a renda ser\u00e1 destinada \u00e0 Funda\u00e7\u00e3o Assistencial da Para\u00edba (FAP), refer\u00eancia regional no tratamento do c\u00e2ncer e que completa 60 anos em 2025.<\/p>\n<p>Criado por Bruno Cunha Lima, atual prefeito de Campina Grande, o evento surgiu quando ele ainda era deputado estadual, com o objetivo de apoiar institui\u00e7\u00f5es que atuam no combate ao c\u00e2ncer e incentivar a preven\u00e7\u00e3o da doen\u00e7a.<\/p>\n<p>Al\u00e9m da corrida, a programa\u00e7\u00e3o contar\u00e1 com shows das bandas Ax\u00e9 Massa, Capil\u00e9 e Jefferson Arretado, oferecendo um momento de lazer para os participantes e o p\u00fablico.<\/p>\n<p>De acordo com o Instituto Nacional do C\u00e2ncer (INCA), o Brasil deve registrar cerca de 704 mil novos casos de c\u00e2ncer por ano entre 2024 e 2026. O tipo mais comum entre as mulheres continua sendo o c\u00e2ncer de mama, com estimativa de 73,6 mil novos diagn\u00f3sticos anuais.<\/p>\n","protected":false},"excerpt":{"rendered":"<p>Campina Grande se prepara para receber mais uma edi\u00e7\u00e3o da Corrida do Bem, marcada para o dia 10 de maio. O evento, que j\u00e1 faz parte do calend\u00e1rio da cidade, combina esporte, m\u00fasica e solidariedade. A concentra\u00e7\u00e3o ser\u00e1 \u00e0s 14h, na Avenida Bras\u00edlia, com percursos de 3 km, 5 km e 10 km, voltados para &hellip;<\/p>\n","protected":false},"author":1,"featured_media":108440,"comment_status":"open","ping_status":"open","sticky":false,"template":"","format":"standard","meta":{"footnotes":""},"categories":[15],"tags":[],"class_list":["post-134866","post","type-post","status-publish","format-standard","has-post-thumbnail","hentry","category-links"],"_links":{"self":[{"href":"https:\/\/iparaiba.com.br\/index.php\/wp-json\/wp\/v2\/posts\/134866","targetHints":{"allow":["GET"]}}],"collection":[{"href":"https:\/\/iparaiba.com.br\/index.php\/wp-json\/wp\/v2\/posts"}],"about":[{"href":"https:\/\/iparaiba.com.br\/index.php\/wp-json\/wp\/v2\/types\/post"}],"author":[{"embeddable":true,"href":"https:\/\/iparaiba.com.br\/index.php\/wp-json\/wp\/v2\/users\/1"}],"replies":[{"embeddable":true,"href":"https:\/\/iparaiba.com.br\/index.php\/wp-json\/wp\/v2\/comments?post=134866"}],"version-history":[{"count":1,"href":"https:\/\/iparaiba.com.br\/index.php\/wp-json\/wp\/v2\/posts\/134866\/revisions"}],"predecessor-version":[{"id":134890,"href":"https:\/\/iparaiba.com.br\/index.php\/wp-json\/wp\/v2\/posts\/134866\/revisions\/134890"}],"wp:featuredmedia":[{"embeddable":true,"href":"https:\/\/iparaiba.com.br\/index.php\/wp-json\/wp\/v2\/media\/108440"}],"wp:attachment":[{"href":"https:\/\/iparaiba.com.br\/index.php\/wp-json\/wp\/v2\/media?parent=134866"}],"wp:term":[{"taxonomy":"category","embeddable":true,"href":"https:\/\/iparaiba.com.br\/index.php\/wp-json\/wp\/v2\/categories?post=134866"},{"taxonomy":"post_tag","embeddable":true,"href":"https:\/\/iparaiba.com.br\/index.php\/wp-json\/wp\/v2\/tags?post=134866"}],"curies":[{"name":"wp","href":"https:\/\/api.w.org\/{rel}","templated":true}]}}