{"id":134838,"date":"2025-03-31T19:10:51","date_gmt":"2025-03-31T22:10:51","guid":{"rendered":"https:\/\/onordeste.com.br\/?p=134784"},"modified":"2025-03-31T19:10:51","modified_gmt":"2025-03-31T22:10:51","slug":"descarte-de-esgoto-na-orla-de-joao-pessoa-sera-debatido","status":"publish","type":"post","link":"https:\/\/iparaiba.com.br\/index.php\/2025\/03\/31\/descarte-de-esgoto-na-orla-de-joao-pessoa-sera-debatido\/","title":{"rendered":"Descarte de esgoto na orla de Jo\u00e3o Pessoa ser\u00e1 debatido"},"content":{"rendered":"<p style=\"font-weight: 400;\">O descarte de esgoto e dejetos na orla de Jo\u00e3o Pessoa ser\u00e1 debatido em sess\u00e3o especial na pr\u00f3xima quarta-feira (2), \u00e0s 9h, na C\u00e2mara Municipal de Jo\u00e3o Pessoa (CMJP). A semana que compreende o per\u00edodo de 31 de mar\u00e7o a 04 de abril tamb\u00e9m ser\u00e1 marcada pela realiza\u00e7\u00e3o de sess\u00f5es comemorativas e para entrega de t\u00edtulos de cidadania pessoense.<\/p>\n<p style=\"font-weight: 400;\">A primeira sess\u00e3o acontece na pr\u00f3xima segunda-feira (31), a partir das 14h, alusiva \u00e0 Semana Cultural Judaica. A vereadora Eliza Virg\u00ednia (PP) \u00e9 a autora da propositura.<\/p>\n<p style=\"font-weight: 400;\">Na quarta-feira (2), \u00e0s 9h, o vereador F\u00e1bio Lopes (PL) vai realizar uma sess\u00e3o especial para discutir a problem\u00e1tica dos constantes descartes de esgoto e dejetos na orla de Jo\u00e3o Pessoa. O parlamentar justifica a realiza\u00e7\u00e3o da sess\u00e3o considerando que \u201ca crescente preocupa\u00e7\u00e3o com o meio ambiente, a preserva\u00e7\u00e3o das \u00e1reas litor\u00e2neas e a qualidade de vida da popula\u00e7\u00e3o, torna imperativo que o parlamento debata a quest\u00e3o dos despejos irregulares de esgoto no litoral pessoense, uma vez que tal situa\u00e7\u00e3o vem causando graves impactos ambientais, afastando turistas e comprometendo a sa\u00fade p\u00fablica\u201d.<\/p>\n<p style=\"font-weight: 400;\">No mesmo dia, a partir das 14h, o vereador Tarc\u00edsio Jardim (PP) vai entregar o T\u00edtulo de Cidad\u00e3o Pessoense ao sr. Rafael Batista Santos Lima e a Medalha Cidade de Jo\u00e3o Pessoa a Sabrina Rog\u00e9ria Ata\u00edde Bezerra Gondim e a \u00cdtalo Ramon Magalh\u00e3es Vieira.<\/p>\n<p style=\"font-weight: 400;\">Encerrando a semana, na sexta-feira (4), a C\u00e2mara realiza sess\u00e3o conjunta com a Assembleia Legislativa da Para\u00edba (ALPB) para entrega do T\u00edtulo de Cidad\u00e3o Pessoense e Paraibano ao sr. John Rodgerson. No Legislativo Municipal, a cidadania foi concedida pelo presidente da Casa, vereador Dinho (PSD). A solenidade acontece a partir das 12h, no plen\u00e1rio da ALPB.<\/p>\n<p>CMJP<\/p>\n","protected":false},"excerpt":{"rendered":"<p>O descarte de esgoto e dejetos na orla de Jo\u00e3o Pessoa ser\u00e1 debatido em sess\u00e3o especial na pr\u00f3xima quarta-feira (2), \u00e0s 9h, na C\u00e2mara Municipal de Jo\u00e3o Pessoa (CMJP). A semana que compreende o per\u00edodo de 31 de mar\u00e7o a 04 de abril tamb\u00e9m ser\u00e1 marcada pela realiza\u00e7\u00e3o de sess\u00f5es comemorativas e para entrega de &hellip;<\/p>\n","protected":false},"author":1,"featured_media":134037,"comment_status":"open","ping_status":"open","sticky":false,"template":"","format":"standard","meta":{"footnotes":""},"categories":[3],"tags":[],"class_list":["post-134838","post","type-post","status-publish","format-standard","has-post-thumbnail","hentry","category-nordeste"],"_links":{"self":[{"href":"https:\/\/iparaiba.com.br\/index.php\/wp-json\/wp\/v2\/posts\/134838","targetHints":{"allow":["GET"]}}],"collection":[{"href":"https:\/\/iparaiba.com.br\/index.php\/wp-json\/wp\/v2\/posts"}],"about":[{"href":"https:\/\/iparaiba.com.br\/index.php\/wp-json\/wp\/v2\/types\/post"}],"author":[{"embeddable":true,"href":"https:\/\/iparaiba.com.br\/index.php\/wp-json\/wp\/v2\/users\/1"}],"replies":[{"embeddable":true,"href":"https:\/\/iparaiba.com.br\/index.php\/wp-json\/wp\/v2\/comments?post=134838"}],"version-history":[{"count":0,"href":"https:\/\/iparaiba.com.br\/index.php\/wp-json\/wp\/v2\/posts\/134838\/revisions"}],"wp:featuredmedia":[{"embeddable":true,"href":"https:\/\/iparaiba.com.br\/index.php\/wp-json\/wp\/v2\/media\/134037"}],"wp:attachment":[{"href":"https:\/\/iparaiba.com.br\/index.php\/wp-json\/wp\/v2\/media?parent=134838"}],"wp:term":[{"taxonomy":"category","embeddable":true,"href":"https:\/\/iparaiba.com.br\/index.php\/wp-json\/wp\/v2\/categories?post=134838"},{"taxonomy":"post_tag","embeddable":true,"href":"https:\/\/iparaiba.com.br\/index.php\/wp-json\/wp\/v2\/tags?post=134838"}],"curies":[{"name":"wp","href":"https:\/\/api.w.org\/{rel}","templated":true}]}}