{"id":134837,"date":"2025-03-31T19:09:43","date_gmt":"2025-03-31T22:09:43","guid":{"rendered":"https:\/\/onordeste.com.br\/?p=134782"},"modified":"2025-03-31T19:09:43","modified_gmt":"2025-03-31T22:09:43","slug":"aprovada-norma-que-estabelece-regras-para-entidades-fechadas-de-previdencia-complementar","status":"publish","type":"post","link":"https:\/\/iparaiba.com.br\/index.php\/2025\/03\/31\/aprovada-norma-que-estabelece-regras-para-entidades-fechadas-de-previdencia-complementar\/","title":{"rendered":"Aprovada norma que estabelece regras para entidades fechadas de previd\u00eancia complementar"},"content":{"rendered":"<p>O Tribunal de Contas da Uni\u00e3o (TCU) aprovou, sob a relatoria do ministro Benjamin Zymler, instru\u00e7\u00e3o normativa para<strong>\u00a0regrar a fiscaliza\u00e7\u00e3o de negocia\u00e7\u00f5es de valores mobili\u00e1rios<\/strong>\u00a0realizadas por unidades jurisdicionadas ao TCU e sobre o equacionamento financeiro de\u00a0<strong>d\u00e9ficits atuariais nas Entidades Fechadas de Previd\u00eancia Complementar<\/strong>\u00a0(EFPC) patrocinadas por entidades federais.<\/p>\n<blockquote><p>\u201cA Instru\u00e7\u00e3o Normativa 99\/2025, aprovada na sess\u00e3o plen\u00e1ria de 26\/3, come\u00e7ou a ser gestada em Grupo de Trabalho (Ordem de Servi\u00e7o 5, de 2024) institu\u00eddo pela Presid\u00eancia do TCU. O objetivo do grupo era elaborar o estudo sobre a atua\u00e7\u00e3o desta Corte de Contas em casos que envolvam\u00a0<strong>opera\u00e7\u00f5es de mercado de capitais<\/strong>\u201d, explicou o ministro-relator Benjamin Zymler.<\/p><\/blockquote>\n<p>Al\u00e9m de fomentar a obten\u00e7\u00e3o de informa\u00e7\u00f5es qualificadas junto aos \u00f3rg\u00e3os supervisores do Sistema Financeiro Nacional, o normativo prop\u00f5e tamb\u00e9m o aperfei\u00e7oamento da fiscaliza\u00e7\u00e3o das EFPC, envolvendo o\u00a0<strong>monitoramento cont\u00ednuo dos d\u00e9ficits atuariais, que representam potenciais riscos \u00e0 sustentabilidade<\/strong>\u00a0dessas entidades.<\/p>\n<blockquote><p>\u201cO regulamento busca, nessa vis\u00e3o, implementar a<strong>\u00a0fiscaliza\u00e7\u00e3o seletiva, por amostragem, das opera\u00e7\u00f5es com valores mobili\u00e1rios<\/strong>, de modo a identificar eventuais desvios que possam comprometer a gest\u00e3o dos fundos\u201d, observa o ministro Zymler.<\/p><\/blockquote>\n<p>Com essas medidas, o TCU espera que<strong>\u00a0a fiscaliza\u00e7\u00e3o se torne mais sistem\u00e1tica e preventiva, elevando a efici\u00eancia do controle externo e minimizando o risco\u00a0<\/strong>de irregularidades nesse setor. Tamb\u00e9m devem ser analisados os aportes extraordin\u00e1rios de recursos pelas entidades federais patrocinadoras das Entidade Fechadas de Previd\u00eancia Complementar (EFPC).<\/p>\n<blockquote><p>\u201cO estudo que resultou na instru\u00e7\u00e3o normativa foi coordenado pelo ministro Ant\u00f4nio Anastasia, com a participa\u00e7\u00e3o dos ministros Vital do R\u00eago e Jorge Oliveira. Eles apresentaram um conjunto de propostas para aprimorar a fiscaliza\u00e7\u00e3o do TCU nessa \u00e1rea, entre elas a edi\u00e7\u00e3o da IN 99\/2025 em tela\u201d, contextualizou o ministro-relator Benjamin Zymler.<\/p><\/blockquote>\n<h3><strong>Ato regular de gest\u00e3o<\/strong><\/h3>\n<p>O art. 4\u00ba da IN 99\/2025, com seus par\u00e1grafos 1\u00ba e 2\u00ba, preconiza as balizas para o TCU aferir se realmente teria havido ato regular de gest\u00e3o. A conduta configurada como\u00a0<strong>\u201cato regular de gest\u00e3o\u201d caracteriza a boa-f\u00e9 objetiva na gest\u00e3o dos recursos<\/strong>\u00a0e ser\u00e1 identificada quando presentes certos elementos.<\/p>\n<blockquote><p>\u201cUm desses par\u00e2metros \u00e9 que a fiscaliza\u00e7\u00e3o da Corte de Contas dever\u00e1\u00a0<strong>verificar se o gestor possu\u00eda capacidade t\u00e9cnica e agiu com dilig\u00eancia<\/strong>, em cumprimento aos deveres fiduci\u00e1rios em rela\u00e7\u00e3o \u00e0 entidade\u201d, destacou o ministro Zymler.<\/p><\/blockquote>\n<p>Outro elemento diz respeito a conferir se o gestor se comportou dentro de suas atribui\u00e7\u00f5es e poderes, e se procedeu sem viola\u00e7\u00e3o da legisla\u00e7\u00e3o, do estatuto e dos respectivos regulamentos. Al\u00e9m disso, o TCU analisar\u00e1 se a tomada de decis\u00e3o foi fundada na t\u00e9cnica aplic\u00e1vel, mediante\u00a0<strong>decis\u00e3o negocial informada, refletida e desinteressada.<\/strong><\/p>\n<blockquote><p>\u201cPara avalia\u00e7\u00e3o do ato regular de gest\u00e3o,<strong>\u00a0devem ser consideradas as informa\u00e7\u00f5es e dados dispon\u00edveis \u00e0 \u00e9poca em que a decis\u00e3o foi tomad<\/strong>a ou o ato praticado, de acordo com registro dos documentos que fundamentaram a decis\u00e3o ou ato\u201d, ponderou o ministro Benjamin Zymler, relator da IN 99\/2025.<\/p><\/blockquote>\n","protected":false},"excerpt":{"rendered":"<p>O Tribunal de Contas da Uni\u00e3o (TCU) aprovou, sob a relatoria do ministro Benjamin Zymler, instru\u00e7\u00e3o normativa para\u00a0regrar a fiscaliza\u00e7\u00e3o de negocia\u00e7\u00f5es de valores mobili\u00e1rios\u00a0realizadas por unidades jurisdicionadas ao TCU e sobre o equacionamento financeiro de\u00a0d\u00e9ficits atuariais nas Entidades Fechadas de Previd\u00eancia Complementar\u00a0(EFPC) patrocinadas por entidades federais. \u201cA Instru\u00e7\u00e3o Normativa 99\/2025, aprovada na sess\u00e3o plen\u00e1ria &hellip;<\/p>\n","protected":false},"author":1,"featured_media":123286,"comment_status":"open","ping_status":"open","sticky":false,"template":"","format":"standard","meta":{"footnotes":""},"categories":[7],"tags":[],"class_list":["post-134837","post","type-post","status-publish","format-standard","has-post-thumbnail","hentry","category-diversas"],"_links":{"self":[{"href":"https:\/\/iparaiba.com.br\/index.php\/wp-json\/wp\/v2\/posts\/134837","targetHints":{"allow":["GET"]}}],"collection":[{"href":"https:\/\/iparaiba.com.br\/index.php\/wp-json\/wp\/v2\/posts"}],"about":[{"href":"https:\/\/iparaiba.com.br\/index.php\/wp-json\/wp\/v2\/types\/post"}],"author":[{"embeddable":true,"href":"https:\/\/iparaiba.com.br\/index.php\/wp-json\/wp\/v2\/users\/1"}],"replies":[{"embeddable":true,"href":"https:\/\/iparaiba.com.br\/index.php\/wp-json\/wp\/v2\/comments?post=134837"}],"version-history":[{"count":0,"href":"https:\/\/iparaiba.com.br\/index.php\/wp-json\/wp\/v2\/posts\/134837\/revisions"}],"wp:featuredmedia":[{"embeddable":true,"href":"https:\/\/iparaiba.com.br\/index.php\/wp-json\/wp\/v2\/media\/123286"}],"wp:attachment":[{"href":"https:\/\/iparaiba.com.br\/index.php\/wp-json\/wp\/v2\/media?parent=134837"}],"wp:term":[{"taxonomy":"category","embeddable":true,"href":"https:\/\/iparaiba.com.br\/index.php\/wp-json\/wp\/v2\/categories?post=134837"},{"taxonomy":"post_tag","embeddable":true,"href":"https:\/\/iparaiba.com.br\/index.php\/wp-json\/wp\/v2\/tags?post=134837"}],"curies":[{"name":"wp","href":"https:\/\/api.w.org\/{rel}","templated":true}]}}