{"id":134836,"date":"2025-04-03T20:10:27","date_gmt":"2025-04-03T23:10:27","guid":{"rendered":"https:\/\/onordeste.com.br\/?p=134836"},"modified":"2025-04-03T20:10:27","modified_gmt":"2025-04-03T23:10:27","slug":"stf-vai-decidir-se-lei-que-extinguiu-saidinha-se-aplica-a-presos-que-ja-cumpriam-pena","status":"publish","type":"post","link":"https:\/\/iparaiba.com.br\/index.php\/2025\/04\/03\/stf-vai-decidir-se-lei-que-extinguiu-saidinha-se-aplica-a-presos-que-ja-cumpriam-pena\/","title":{"rendered":"STF vai decidir se lei que extinguiu \u201csaidinha\u201d se aplica a presos que j\u00e1 cumpriam pena"},"content":{"rendered":"<p>O Supremo Tribunal Federal (STF) vai decidir se os presos que cumpriam pena antes da lei que acabou com o benef\u00edcio da chamada \u201csaidinha\u201d, ou sa\u00edda tempor\u00e1ria, continuam tendo direito ao benef\u00edcio. A mat\u00e9ria teve repercuss\u00e3o geral reconhecida (Tema 1.381), e a tese a ser fixada deve ser seguida em todos os casos sobre o mesmo assunto que tramitam no Poder Judici\u00e1rio.<\/p>\n<p>A discuss\u00e3o foi motivada pelo Recurso Extraordin\u00e1rio\u00a0<strong><a href=\"https:\/\/portal.stf.jus.br\/processos\/detalhe.asp?incidente=7137543\" target=\"_blank\" rel=\"noreferrer noopener\" data-type=\"URL\" data-id=\"https:\/\/portal.stf.jus.br\/processos\/detalhe.asp?incidente=7137543\">(RE) 1532446<\/a><\/strong>, que questiona o entendimento do Tribunal de Justi\u00e7a de Santa Catarina (TJ-SC) de que a lei atual deve se restringir a pessoas condenadas por crimes cometidos depois da sua entrada em vigor. O Minist\u00e9rio P\u00fablico (MP) catarinense discorda e defende que a regra deve valer para todos.<\/p>\n<p>Para o MP de Santa Catarina, a aplica\u00e7\u00e3o da norma atual a presos que j\u00e1 cumpriam pena n\u00e3o configura retroatividade, uma vez que o direito \u00e0 \u201csaidinha\u201d depende do cumprimento dos requisitos para o benef\u00edcio, e n\u00e3o da data em que o crime foi cometido.<\/p>\n<p>Ao se manifestar pela repercuss\u00e3o geral da mat\u00e9ria, o presidente do STF, ministro Lu\u00eds Roberto Barroso, ressaltou que h\u00e1 480 processos semelhantes no TJ-SC e pelo menos 40 recursos relacionados ao tema em tramita\u00e7\u00e3o na Suprema Corte.<\/p>\n<p>A Lei 14.843\/2024, que atualizou a Lei de Execu\u00e7\u00f5es Penais de 1984, passou a impedir a sa\u00edda tempor\u00e1ria e o trabalho externo sem vigil\u00e2ncia direta para condenados por crimes hediondos ou violentos. As visitas \u00e0 fam\u00edlia e as atividades externas de ressocializa\u00e7\u00e3o de todos os presos tamb\u00e9m se tornaram mais restritas e condicionadas \u00e0 vigil\u00e2ncia.<\/p>\n","protected":false},"excerpt":{"rendered":"<p>O Supremo Tribunal Federal (STF) vai decidir se os presos que cumpriam pena antes da lei que acabou com o benef\u00edcio da chamada \u201csaidinha\u201d, ou sa\u00edda tempor\u00e1ria, continuam tendo direito ao benef\u00edcio. A mat\u00e9ria teve repercuss\u00e3o geral reconhecida (Tema 1.381), e a tese a ser fixada deve ser seguida em todos os casos sobre o &hellip;<\/p>\n","protected":false},"author":1,"featured_media":107888,"comment_status":"open","ping_status":"open","sticky":false,"template":"","format":"standard","meta":{"footnotes":""},"categories":[9],"tags":[],"class_list":["post-134836","post","type-post","status-publish","format-standard","has-post-thumbnail","hentry","category-justica"],"_links":{"self":[{"href":"https:\/\/iparaiba.com.br\/index.php\/wp-json\/wp\/v2\/posts\/134836","targetHints":{"allow":["GET"]}}],"collection":[{"href":"https:\/\/iparaiba.com.br\/index.php\/wp-json\/wp\/v2\/posts"}],"about":[{"href":"https:\/\/iparaiba.com.br\/index.php\/wp-json\/wp\/v2\/types\/post"}],"author":[{"embeddable":true,"href":"https:\/\/iparaiba.com.br\/index.php\/wp-json\/wp\/v2\/users\/1"}],"replies":[{"embeddable":true,"href":"https:\/\/iparaiba.com.br\/index.php\/wp-json\/wp\/v2\/comments?post=134836"}],"version-history":[{"count":1,"href":"https:\/\/iparaiba.com.br\/index.php\/wp-json\/wp\/v2\/posts\/134836\/revisions"}],"predecessor-version":[{"id":134863,"href":"https:\/\/iparaiba.com.br\/index.php\/wp-json\/wp\/v2\/posts\/134836\/revisions\/134863"}],"wp:featuredmedia":[{"embeddable":true,"href":"https:\/\/iparaiba.com.br\/index.php\/wp-json\/wp\/v2\/media\/107888"}],"wp:attachment":[{"href":"https:\/\/iparaiba.com.br\/index.php\/wp-json\/wp\/v2\/media?parent=134836"}],"wp:term":[{"taxonomy":"category","embeddable":true,"href":"https:\/\/iparaiba.com.br\/index.php\/wp-json\/wp\/v2\/categories?post=134836"},{"taxonomy":"post_tag","embeddable":true,"href":"https:\/\/iparaiba.com.br\/index.php\/wp-json\/wp\/v2\/tags?post=134836"}],"curies":[{"name":"wp","href":"https:\/\/api.w.org\/{rel}","templated":true}]}}