{"id":134834,"date":"2025-04-03T16:09:11","date_gmt":"2025-04-03T19:09:11","guid":{"rendered":"https:\/\/onordeste.com.br\/?p=134834"},"modified":"2025-04-03T16:09:11","modified_gmt":"2025-04-03T19:09:11","slug":"stf-valida-limites-para-deducao-de-despesas-com-educacao-na-declaracao-de-ir","status":"publish","type":"post","link":"https:\/\/iparaiba.com.br\/index.php\/2025\/04\/03\/stf-valida-limites-para-deducao-de-despesas-com-educacao-na-declaracao-de-ir\/","title":{"rendered":"STF valida limites para dedu\u00e7\u00e3o de despesas com educa\u00e7\u00e3o na declara\u00e7\u00e3o de IR"},"content":{"rendered":"<p>Por unanimidade de votos, o Plen\u00e1rio do Supremo Tribunal Federal (STF) declarou v\u00e1lido o limite para dedu\u00e7\u00e3o de gastos com educa\u00e7\u00e3o na declara\u00e7\u00e3o de Imposto de Renda Pessoa F\u00edsica (IRPF) dos anos calend\u00e1rio de 2012, 2013 e 2014. O limite, previsto na legisla\u00e7\u00e3o que fixa os valores da tabela do IR, foi contestado pelo Conselho Federal da Ordem dos Advogados do Brasil (OAB) na A\u00e7\u00e3o Direta de Inconstitucionalidade\u00a0<strong><a href=\"https:\/\/portal.stf.jus.br\/processos\/detalhe.asp?incidente=4384177\" target=\"_blank\" rel=\"noreferrer noopener\" data-type=\"URL\" data-id=\"https:\/\/portal.stf.jus.br\/processos\/detalhe.asp?incidente=4384177\">(ADI) 4927<\/a><\/strong>, de relatoria do ministro Luiz Fux.<\/p>\n<p>Na a\u00e7\u00e3o, a OAB alegava que n\u00e3o deveria haver limites para a dedu\u00e7\u00e3o de gastos com educa\u00e7\u00e3o, em raz\u00e3o dos princ\u00edpios constitucionais relativos ao conceito de renda, \u00e0 capacidade contributiva, ao n\u00e3o confisco, ao direito \u00e0 educa\u00e7\u00e3o, \u00e0 dignidade da pessoa humana e \u00e0 prote\u00e7\u00e3o \u00e0 fam\u00edlia. Segundo a entidade, a pr\u00f3pria Constitui\u00e7\u00e3o Federal (artigo 150, inciso VI) admite que o poder p\u00fablico n\u00e3o garante de forma plena a educa\u00e7\u00e3o, ao prever imunidade para institui\u00e7\u00f5es educacionais em algumas circunst\u00e2ncias.<\/p>\n<p>O ministro Luiz Fux, relator da ADI, afirmou em seu voto que a Constitui\u00e7\u00e3o de 1988 garantiu o direito \u00e0 educa\u00e7\u00e3o e determinou aos entes p\u00fablicos, \u00e0 fam\u00edlia e \u00e0 sociedade a sua implementa\u00e7\u00e3o, mas tamb\u00e9m concedeu \u00e0 iniciativa privada o livre exerc\u00edcio de atividades de ensino, mediante regras e condi\u00e7\u00f5es. E, para garantir amplo acesso ao ensino, foi criado o incentivo de incluir as despesas com educa\u00e7\u00e3o nas parcelas dedut\u00edveis do IR.<\/p>\n<p>No entanto, segundo relator, o direito \u00e0 educa\u00e7\u00e3o n\u00e3o assegura um patamar determinado de despesas como parcelas dedut\u00edveis da base de c\u00e1lculo do imposto sobre a renda. Em seu entendimento, a concretiza\u00e7\u00e3o desse direito fundamental passa pela escolha leg\u00edtima do Legislativo, desde que observados os par\u00e2metros constitucionais.<\/p>\n<p>Fux observou ainda que a pretens\u00e3o da OAB poderia ter consequ\u00eancias mais nocivas \u00e0 educa\u00e7\u00e3o, ao diminuir os recursos que financiam a educa\u00e7\u00e3o p\u00fablica e possibilitar a maior dedu\u00e7\u00e3o \u00e0queles que t\u00eam maior poder econ\u00f4mico.<\/p>\n<p>STF<\/p>\n","protected":false},"excerpt":{"rendered":"<p>Por unanimidade de votos, o Plen\u00e1rio do Supremo Tribunal Federal (STF) declarou v\u00e1lido o limite para dedu\u00e7\u00e3o de gastos com educa\u00e7\u00e3o na declara\u00e7\u00e3o de Imposto de Renda Pessoa F\u00edsica (IRPF) dos anos calend\u00e1rio de 2012, 2013 e 2014. O limite, previsto na legisla\u00e7\u00e3o que fixa os valores da tabela do IR, foi contestado pelo Conselho &hellip;<\/p>\n","protected":false},"author":1,"featured_media":97661,"comment_status":"open","ping_status":"open","sticky":false,"template":"","format":"standard","meta":{"footnotes":""},"categories":[9],"tags":[],"class_list":["post-134834","post","type-post","status-publish","format-standard","has-post-thumbnail","hentry","category-justica"],"_links":{"self":[{"href":"https:\/\/iparaiba.com.br\/index.php\/wp-json\/wp\/v2\/posts\/134834","targetHints":{"allow":["GET"]}}],"collection":[{"href":"https:\/\/iparaiba.com.br\/index.php\/wp-json\/wp\/v2\/posts"}],"about":[{"href":"https:\/\/iparaiba.com.br\/index.php\/wp-json\/wp\/v2\/types\/post"}],"author":[{"embeddable":true,"href":"https:\/\/iparaiba.com.br\/index.php\/wp-json\/wp\/v2\/users\/1"}],"replies":[{"embeddable":true,"href":"https:\/\/iparaiba.com.br\/index.php\/wp-json\/wp\/v2\/comments?post=134834"}],"version-history":[{"count":1,"href":"https:\/\/iparaiba.com.br\/index.php\/wp-json\/wp\/v2\/posts\/134834\/revisions"}],"predecessor-version":[{"id":134862,"href":"https:\/\/iparaiba.com.br\/index.php\/wp-json\/wp\/v2\/posts\/134834\/revisions\/134862"}],"wp:featuredmedia":[{"embeddable":true,"href":"https:\/\/iparaiba.com.br\/index.php\/wp-json\/wp\/v2\/media\/97661"}],"wp:attachment":[{"href":"https:\/\/iparaiba.com.br\/index.php\/wp-json\/wp\/v2\/media?parent=134834"}],"wp:term":[{"taxonomy":"category","embeddable":true,"href":"https:\/\/iparaiba.com.br\/index.php\/wp-json\/wp\/v2\/categories?post=134834"},{"taxonomy":"post_tag","embeddable":true,"href":"https:\/\/iparaiba.com.br\/index.php\/wp-json\/wp\/v2\/tags?post=134834"}],"curies":[{"name":"wp","href":"https:\/\/api.w.org\/{rel}","templated":true}]}}