{"id":134833,"date":"2025-04-12T14:00:25","date_gmt":"2025-04-12T17:00:25","guid":{"rendered":"https:\/\/onordeste.com.br\/?p=134814"},"modified":"2025-04-12T14:00:25","modified_gmt":"2025-04-12T17:00:25","slug":"aliquota-do-icms-sobre-compras-internacionais-sobe-de-17-para-20","status":"publish","type":"post","link":"https:\/\/iparaiba.com.br\/index.php\/2025\/04\/12\/aliquota-do-icms-sobre-compras-internacionais-sobe-de-17-para-20\/","title":{"rendered":"Al\u00edquota do ICMS sobre compras internacionais sobe de 17% para 20%"},"content":{"rendered":"<p><strong>A al\u00edquota do Imposto sobre Circula\u00e7\u00e3o de Mercadorias e Servi\u00e7os (ICMS) cobrado no recebimento de compras internacionais subir\u00e1 de 17% para 20% a partir desta ter\u00e7a-feira (1\u00ba), em dez estados.\u00a0<\/strong><img decoding=\"async\" src=\"https:\/\/agenciabrasil.ebc.com.br\/ebc.png?id=1636902&amp;o=node\" \/><img decoding=\"async\" src=\"https:\/\/agenciabrasil.ebc.com.br\/ebc.gif?id=1636902&amp;o=node\" \/><\/p>\n<p>O aumento foi aprovado pelo Comit\u00ea Nacional de Secret\u00e1rios de Fazenda, Finan\u00e7as, Receita ou Tributa\u00e7\u00e3o dos Estados e do Distrito Federal (Comsefaz) em dezembro do ano passado. Cada estado ficou de decidir se aprova, ou n\u00e3o, o aumento.<\/p>\n<p>A al\u00edquota ser\u00e1 aumentada nos estados do Acre, de Alagoas, da Bahia, do Cear\u00e1, de Minas Gerais, da Para\u00edba, do Piau\u00ed, do Rio Grande do Norte, de Roraima e de Sergipe.\u00a0<strong>Na pr\u00e1tica, a medida deve impactar compras feitas em\u00a0<em>sites\u00a0<\/em>internacionais.<\/strong><\/p>\n<p>Ao decidir pelo aumento, o Comsefaz argumentou que a nova al\u00edquota tamb\u00e9m busca alinhar o tratamento tribut\u00e1rio aplicado \u00e0s importa\u00e7\u00f5es ao praticado para os bens comercializados no mercado interno, \u201ccriando condi\u00e7\u00f5es mais equilibradas para a produ\u00e7\u00e3o e o com\u00e9rcio local\u201d.<\/p>\n<p>De acordo com o comit\u00ea, a decis\u00e3o levou em conta as al\u00edquotas modais j\u00e1 praticadas pelos estados.<\/p>\n<p>agenciabrasil.ebc<\/p>\n","protected":false},"excerpt":{"rendered":"<p>A al\u00edquota do Imposto sobre Circula\u00e7\u00e3o de Mercadorias e Servi\u00e7os (ICMS) cobrado no recebimento de compras internacionais subir\u00e1 de 17% para 20% a partir desta ter\u00e7a-feira (1\u00ba), em dez estados.\u00a0 O aumento foi aprovado pelo Comit\u00ea Nacional de Secret\u00e1rios de Fazenda, Finan\u00e7as, Receita ou Tributa\u00e7\u00e3o dos Estados e do Distrito Federal (Comsefaz) em dezembro do &hellip;<\/p>\n","protected":false},"author":1,"featured_media":97620,"comment_status":"open","ping_status":"open","sticky":false,"template":"","format":"standard","meta":{"footnotes":""},"categories":[16],"tags":[],"class_list":["post-134833","post","type-post","status-publish","format-standard","has-post-thumbnail","hentry","category-economia"],"_links":{"self":[{"href":"https:\/\/iparaiba.com.br\/index.php\/wp-json\/wp\/v2\/posts\/134833","targetHints":{"allow":["GET"]}}],"collection":[{"href":"https:\/\/iparaiba.com.br\/index.php\/wp-json\/wp\/v2\/posts"}],"about":[{"href":"https:\/\/iparaiba.com.br\/index.php\/wp-json\/wp\/v2\/types\/post"}],"author":[{"embeddable":true,"href":"https:\/\/iparaiba.com.br\/index.php\/wp-json\/wp\/v2\/users\/1"}],"replies":[{"embeddable":true,"href":"https:\/\/iparaiba.com.br\/index.php\/wp-json\/wp\/v2\/comments?post=134833"}],"version-history":[{"count":1,"href":"https:\/\/iparaiba.com.br\/index.php\/wp-json\/wp\/v2\/posts\/134833\/revisions"}],"predecessor-version":[{"id":134907,"href":"https:\/\/iparaiba.com.br\/index.php\/wp-json\/wp\/v2\/posts\/134833\/revisions\/134907"}],"wp:featuredmedia":[{"embeddable":true,"href":"https:\/\/iparaiba.com.br\/index.php\/wp-json\/wp\/v2\/media\/97620"}],"wp:attachment":[{"href":"https:\/\/iparaiba.com.br\/index.php\/wp-json\/wp\/v2\/media?parent=134833"}],"wp:term":[{"taxonomy":"category","embeddable":true,"href":"https:\/\/iparaiba.com.br\/index.php\/wp-json\/wp\/v2\/categories?post=134833"},{"taxonomy":"post_tag","embeddable":true,"href":"https:\/\/iparaiba.com.br\/index.php\/wp-json\/wp\/v2\/tags?post=134833"}],"curies":[{"name":"wp","href":"https:\/\/api.w.org\/{rel}","templated":true}]}}