{"id":134830,"date":"2025-04-03T14:00:14","date_gmt":"2025-04-03T17:00:14","guid":{"rendered":"https:\/\/onordeste.com.br\/?p=134830"},"modified":"2025-04-03T14:00:14","modified_gmt":"2025-04-03T17:00:14","slug":"desembargadores-tomam-posse-no-tre","status":"publish","type":"post","link":"https:\/\/iparaiba.com.br\/index.php\/2025\/04\/03\/desembargadores-tomam-posse-no-tre\/","title":{"rendered":"Desembargadores tomam posse no TRE"},"content":{"rendered":"<p data-pm-slice=\"1 1 []\">Os desembargadores Oswaldo Trigueiro do Valle Filho e M\u00e1rcio Murilo da Cunha Ramos tomaram posse como presidente e vice-presidente, respectivamente, do Tribunal Regional Eleitoral da Para\u00edba (TRE-PB) para o bi\u00eanio 2025\/2026.<\/p>\n<p data-pm-slice=\"1 1 []\">A cerim\u00f4nia ocorreu na sede da institui\u00e7\u00e3o, na Avenida Princesa Isabel, bairro Tambi\u00e1, em Jo\u00e3o Pessoa, com a presen\u00e7a de autoridades pol\u00edticas e representantes dos poderes Executivo, Legislativo e Judici\u00e1rio.<\/p>\n<p>TRE<\/p>\n","protected":false},"excerpt":{"rendered":"<p>Os desembargadores Oswaldo Trigueiro do Valle Filho e M\u00e1rcio Murilo da Cunha Ramos tomaram posse como presidente e vice-presidente, respectivamente, do Tribunal Regional Eleitoral da Para\u00edba (TRE-PB) para o bi\u00eanio 2025\/2026. A cerim\u00f4nia ocorreu na sede da institui\u00e7\u00e3o, na Avenida Princesa Isabel, bairro Tambi\u00e1, em Jo\u00e3o Pessoa, com a presen\u00e7a de autoridades pol\u00edticas e representantes &hellip;<\/p>\n","protected":false},"author":1,"featured_media":98615,"comment_status":"open","ping_status":"open","sticky":false,"template":"","format":"standard","meta":{"footnotes":""},"categories":[9],"tags":[],"class_list":["post-134830","post","type-post","status-publish","format-standard","has-post-thumbnail","hentry","category-justica"],"_links":{"self":[{"href":"https:\/\/iparaiba.com.br\/index.php\/wp-json\/wp\/v2\/posts\/134830","targetHints":{"allow":["GET"]}}],"collection":[{"href":"https:\/\/iparaiba.com.br\/index.php\/wp-json\/wp\/v2\/posts"}],"about":[{"href":"https:\/\/iparaiba.com.br\/index.php\/wp-json\/wp\/v2\/types\/post"}],"author":[{"embeddable":true,"href":"https:\/\/iparaiba.com.br\/index.php\/wp-json\/wp\/v2\/users\/1"}],"replies":[{"embeddable":true,"href":"https:\/\/iparaiba.com.br\/index.php\/wp-json\/wp\/v2\/comments?post=134830"}],"version-history":[{"count":1,"href":"https:\/\/iparaiba.com.br\/index.php\/wp-json\/wp\/v2\/posts\/134830\/revisions"}],"predecessor-version":[{"id":134860,"href":"https:\/\/iparaiba.com.br\/index.php\/wp-json\/wp\/v2\/posts\/134830\/revisions\/134860"}],"wp:featuredmedia":[{"embeddable":true,"href":"https:\/\/iparaiba.com.br\/index.php\/wp-json\/wp\/v2\/media\/98615"}],"wp:attachment":[{"href":"https:\/\/iparaiba.com.br\/index.php\/wp-json\/wp\/v2\/media?parent=134830"}],"wp:term":[{"taxonomy":"category","embeddable":true,"href":"https:\/\/iparaiba.com.br\/index.php\/wp-json\/wp\/v2\/categories?post=134830"},{"taxonomy":"post_tag","embeddable":true,"href":"https:\/\/iparaiba.com.br\/index.php\/wp-json\/wp\/v2\/tags?post=134830"}],"curies":[{"name":"wp","href":"https:\/\/api.w.org\/{rel}","templated":true}]}}