{"id":134822,"date":"2025-04-03T08:00:54","date_gmt":"2025-04-03T11:00:54","guid":{"rendered":"https:\/\/onordeste.com.br\/?p=134822"},"modified":"2025-04-03T08:00:54","modified_gmt":"2025-04-03T11:00:54","slug":"reajuste-de-servidores-sera-pago-em-maio","status":"publish","type":"post","link":"https:\/\/iparaiba.com.br\/index.php\/2025\/04\/03\/reajuste-de-servidores-sera-pago-em-maio\/","title":{"rendered":"Reajuste de servidores ser\u00e1 pago em maio"},"content":{"rendered":"<p>O governo federal confirmou nesta quinta-feira (27) que<strong>\u00a0o<a href=\"https:\/\/agenciabrasil.ebc.com.br\/politica\/noticia\/2025-01\/reajuste-de-servidores-do-executivo-sera-pago-apos-sancao-do-orcamento#:~:text=O%20reajuste%20m%C3%A9dio%20acumulado%20dos,celebrado%20na%20mesa%20de%20negocia%C3%A7%C3%A3o.\">\u00a0reajuste salarial dos servidores p\u00fablicos<\/a>, que dependia da aprova\u00e7\u00e3o do Or\u00e7amento Geral da Uni\u00e3o de 2025, ser\u00e1 inclu\u00eddo na folha de abril, com pagamento a ser efetivado em maio.<\/strong><img decoding=\"async\" src=\"https:\/\/agenciabrasil.ebc.com.br\/ebc.png?id=1636423&amp;o=node\" \/><img decoding=\"async\" src=\"https:\/\/agenciabrasil.ebc.com.br\/ebc.gif?id=1636423&amp;o=node\" \/><\/p>\n<p><strong>A\u00a0<a href=\"https:\/\/www.gov.br\/servidor\/pt-br\/acesso-a-informacao\/gestao-de-pessoas\/transparencia_e_registros\/medida-provisoria-n-1-286-de-31-de-dezembro-de-2024\">Medida Provis\u00f3ria (MP) 1.286<\/a>, que consolidou os reajustes salariais de diversas categorias, negociados ao longo do ano anterior, ser\u00e1 prorrogada no dia 2 de abril, por mais 60 dias.\u00a0<\/strong>Mesmo assim, o governo enviar\u00e1 um projeto de lei (PL) para substituir a MP.<\/p>\n<p>Enquanto o PL n\u00e3o \u00e9 aprovado, a MP continua surtindo efeito, informou o Minist\u00e9rio da Gest\u00e3o e Inova\u00e7\u00e3o em Servi\u00e7os P\u00fablicos, em nota.<\/p>\n<p>Ocupantes de fun\u00e7\u00f5es e de cargos comissionados tamb\u00e9m foram contemplados pela medida, mas s\u00e3o v\u00e1lidos a partir de 1\u00ba de fevereiro, e n\u00e3o de 1\u00ba de janeiro.<\/p>\n<p>A Lei Or\u00e7ament\u00e1ria Anual\u00a0<a href=\"https:\/\/agenciabrasil.ebc.com.br\/politica\/noticia\/2025-03\/orcamento-de-2025-e-aprovado-pelo-congresso-nacional\">foi aprovada na semana passada<\/a>\u00a0pelo Congresso, e aguarda ainda a san\u00e7\u00e3o presidencial para entrar em vigor, o que deve ocorrer nas pr\u00f3ximas semanas.<\/p>\n<p><strong>O reajuste dos servidores ser\u00e1 pago de forma retroativa a janeiro<\/strong>, ou seja, incluindo as diferen\u00e7as salariais que j\u00e1 deveriam estar sendo pagas desde o come\u00e7o do ano.<\/p>\n<p>agenciabrasil.eb<\/p>\n","protected":false},"excerpt":{"rendered":"<p>O governo federal confirmou nesta quinta-feira (27) que\u00a0o\u00a0reajuste salarial dos servidores p\u00fablicos, que dependia da aprova\u00e7\u00e3o do Or\u00e7amento Geral da Uni\u00e3o de 2025, ser\u00e1 inclu\u00eddo na folha de abril, com pagamento a ser efetivado em maio. A\u00a0Medida Provis\u00f3ria (MP) 1.286, que consolidou os reajustes salariais de diversas categorias, negociados ao longo do ano anterior, ser\u00e1 &hellip;<\/p>\n","protected":false},"author":1,"featured_media":99691,"comment_status":"open","ping_status":"open","sticky":false,"template":"","format":"standard","meta":{"footnotes":""},"categories":[12],"tags":[],"class_list":["post-134822","post","type-post","status-publish","format-standard","has-post-thumbnail","hentry","category-emprego"],"_links":{"self":[{"href":"https:\/\/iparaiba.com.br\/index.php\/wp-json\/wp\/v2\/posts\/134822","targetHints":{"allow":["GET"]}}],"collection":[{"href":"https:\/\/iparaiba.com.br\/index.php\/wp-json\/wp\/v2\/posts"}],"about":[{"href":"https:\/\/iparaiba.com.br\/index.php\/wp-json\/wp\/v2\/types\/post"}],"author":[{"embeddable":true,"href":"https:\/\/iparaiba.com.br\/index.php\/wp-json\/wp\/v2\/users\/1"}],"replies":[{"embeddable":true,"href":"https:\/\/iparaiba.com.br\/index.php\/wp-json\/wp\/v2\/comments?post=134822"}],"version-history":[{"count":1,"href":"https:\/\/iparaiba.com.br\/index.php\/wp-json\/wp\/v2\/posts\/134822\/revisions"}],"predecessor-version":[{"id":134856,"href":"https:\/\/iparaiba.com.br\/index.php\/wp-json\/wp\/v2\/posts\/134822\/revisions\/134856"}],"wp:featuredmedia":[{"embeddable":true,"href":"https:\/\/iparaiba.com.br\/index.php\/wp-json\/wp\/v2\/media\/99691"}],"wp:attachment":[{"href":"https:\/\/iparaiba.com.br\/index.php\/wp-json\/wp\/v2\/media?parent=134822"}],"wp:term":[{"taxonomy":"category","embeddable":true,"href":"https:\/\/iparaiba.com.br\/index.php\/wp-json\/wp\/v2\/categories?post=134822"},{"taxonomy":"post_tag","embeddable":true,"href":"https:\/\/iparaiba.com.br\/index.php\/wp-json\/wp\/v2\/tags?post=134822"}],"curies":[{"name":"wp","href":"https:\/\/api.w.org\/{rel}","templated":true}]}}